{"id":26676,"date":"2021-05-08T15:50:30","date_gmt":"2021-05-08T13:50:30","guid":{"rendered":"https:\/\/dirwabaum.de\/wordpress\/?p=26676"},"modified":"2022-05-08T07:20:02","modified_gmt":"2022-05-08T05:20:02","slug":"von-asche-braeuten-und-einem-dichter-fuersten","status":"publish","type":"post","link":"https:\/\/dirwabaum.de\/wordpress\/2021\/05\/08\/von-asche-braeuten-und-einem-dichter-fuersten\/","title":{"rendered":"von asche, br\u00e4uten und einem (dichter-) f\u00fcrsten&#8230;"},"content":{"rendered":"<div class='__iawmlf-post-loop-links' style='display:none;' data-iawmlf-post-links='[{&quot;id&quot;:613,&quot;href&quot;:&quot;https:\\\/\\\/www.komoot.de\\\/tour\\\/362771746?ref=wtd&quot;,&quot;archived_href&quot;:&quot;http:\\\/\\\/web-wp.archive.org\\\/web\\\/20230131193803\\\/https:\\\/\\\/www.komoot.de\\\/tour\\\/362771746?ref=wtd&quot;,&quot;redirect_href&quot;:&quot;&quot;,&quot;checks&quot;:[{&quot;date&quot;:&quot;2026-02-09 09:56:09&quot;,&quot;http_code&quot;:200},{&quot;date&quot;:&quot;2026-02-17 05:51:25&quot;,&quot;http_code&quot;:200},{&quot;date&quot;:&quot;2026-02-23 21:29:33&quot;,&quot;http_code&quot;:200},{&quot;date&quot;:&quot;2026-03-22 18:16:50&quot;,&quot;http_code&quot;:503},{&quot;date&quot;:&quot;2026-04-15 23:19:14&quot;,&quot;http_code&quot;:503},{&quot;date&quot;:&quot;2026-04-21 12:12:35&quot;,&quot;http_code&quot;:200},{&quot;date&quot;:&quot;2026-04-24 22:35:41&quot;,&quot;http_code&quot;:200}],&quot;broken&quot;:false,&quot;last_checked&quot;:{&quot;date&quot;:&quot;2026-04-24 22:35:41&quot;,&quot;http_code&quot;:200},&quot;process&quot;:&quot;done&quot;},{&quot;id&quot;:614,&quot;href&quot;:&quot;https:\\\/\\\/goo.gl\\\/maps\\\/z1YdhUPG6VJ2bZni8&quot;,&quot;archived_href&quot;:&quot;&quot;,&quot;redirect_href&quot;:&quot;https:\\\/\\\/www.google.de\\\/maps\\\/place\\\/Brautstock\\\/@50.7401598,13.7706628,3266m\\\/data=!3m1!1e3!4m5!3m4!1s0x470993a040aab1df:0x13e77a5da6335e43!8m2!3d50.7512418!4d13.7668937?shorturl=1&quot;,&quot;checks&quot;:[],&quot;broken&quot;:false,&quot;last_checked&quot;:null,&quot;process&quot;:&quot;done&quot;}]'><\/div>\n<p class=\"wp-block-paragraph\"><span style=\"font-size: 12pt;\">wieder ein <a href=\"https:\/\/www.komoot.de\/tour\/362771746?ref=wtd\" target=\"_blank\" rel=\"noopener\">komoot-titel<\/a> der mir so gut gef\u00e4llt das ich ihn hier mal \u00fcbernehme. sie erinnern sich an den <a href=\"https:\/\/dirwabaum.de\/wordpress\/2020\/06\/21\/sonntags-145\/\" target=\"_blank\" rel=\"noopener\">aschegraben<\/a>? heute sollte es werden das damals ausgelassene st\u00fcck (die ersteigung von 2 8000ern war wichtiger) auch noch zu begutachten. was soll ich sagen &#8211; es war gelungen. am fr\u00fchen morgen mit noch tiefstehender sonne<\/span><br><\/p>\n\n\n<div class=\"wp-block-image\">\n<figure class=\"aligncenter\"><a href=\"https:\/\/dirwabaum.de\/wordpress\/wp-content\/uploads\/2021\/05\/aschegraben.jpg\"><img loading=\"lazy\" decoding=\"async\" width=\"705\" height=\"1000\" data-attachment-id=\"26679\" data-permalink=\"https:\/\/dirwabaum.de\/wordpress\/2021\/05\/08\/von-asche-braeuten-und-einem-dichter-fuersten\/aschegraben\/\" data-orig-file=\"https:\/\/dirwabaum.de\/wordpress\/wp-content\/uploads\/2021\/05\/aschegraben.jpg\" data-orig-size=\"705,1000\" data-comments-opened=\"1\" data-image-meta=\"{&quot;aperture&quot;:&quot;1.8&quot;,&quot;credit&quot;:&quot;&quot;,&quot;camera&quot;:&quot;&quot;,&quot;caption&quot;:&quot;&quot;,&quot;created_timestamp&quot;:&quot;1620457428&quot;,&quot;copyright&quot;:&quot;\\u00a9 derbaum&quot;,&quot;focal_length&quot;:&quot;4.25&quot;,&quot;iso&quot;:&quot;32&quot;,&quot;shutter_speed&quot;:&quot;3&quot;,&quot;title&quot;:&quot;&quot;,&quot;orientation&quot;:&quot;0&quot;}\" data-image-title=\"aschegraben\" data-image-description=\"\" data-image-caption=\"\" data-large-file=\"https:\/\/dirwabaum.de\/wordpress\/wp-content\/uploads\/2021\/05\/aschegraben.jpg\" src=\"https:\/\/dirwabaum.de\/wordpress\/wp-content\/uploads\/2021\/05\/aschegraben.jpg\" alt=\"\" class=\"wp-image-26679\" srcset=\"https:\/\/dirwabaum.de\/wordpress\/wp-content\/uploads\/2021\/05\/aschegraben.jpg 705w, https:\/\/dirwabaum.de\/wordpress\/wp-content\/uploads\/2021\/05\/aschegraben-212x300.jpg 212w, https:\/\/dirwabaum.de\/wordpress\/wp-content\/uploads\/2021\/05\/aschegraben-106x150.jpg 106w\" sizes=\"auto, (max-width: 705px) 100vw, 705px\" \/><\/a><\/figure>\n<\/div>\n\n\n<p class=\"wp-block-paragraph\"><br><span style=\"font-size: 12pt;\">erinnert es ganz sehr an diesen <a href=\"https:\/\/dirwabaum.de\/wordpress\/2018\/10\/21\/morschen\/\" target=\"_blank\" rel=\"noopener\">tollen morgen<\/a> im geyerschen wald. kein wunder &#8211; handelt es sich doch bei beiden gew\u00e4ssern um kunstgr\u00e4ben zur bew\u00e4sserung von bergwerken. vorbeigekommen bin ich nat\u00fcrlich bei herrn goethe<\/span><\/p>\n\n\n<div class=\"wp-block-image\">\n<figure class=\"aligncenter\"><a href=\"https:\/\/dirwabaum.de\/wordpress\/wp-content\/uploads\/2021\/05\/aschegraben-2.jpg\"><img loading=\"lazy\" decoding=\"async\" width=\"1000\" height=\"750\" data-attachment-id=\"26682\" data-permalink=\"https:\/\/dirwabaum.de\/wordpress\/2021\/05\/08\/von-asche-braeuten-und-einem-dichter-fuersten\/aschegraben-2\/\" data-orig-file=\"https:\/\/dirwabaum.de\/wordpress\/wp-content\/uploads\/2021\/05\/aschegraben-2.jpg\" data-orig-size=\"1000,750\" data-comments-opened=\"1\" data-image-meta=\"{&quot;aperture&quot;:&quot;1.8&quot;,&quot;credit&quot;:&quot;&quot;,&quot;camera&quot;:&quot;iPhone XR&quot;,&quot;caption&quot;:&quot;&quot;,&quot;created_timestamp&quot;:&quot;1620458718&quot;,&quot;copyright&quot;:&quot;\\u00a9 derbaum&quot;,&quot;focal_length&quot;:&quot;4.25&quot;,&quot;iso&quot;:&quot;32&quot;,&quot;shutter_speed&quot;:&quot;0.0083333333333333&quot;,&quot;title&quot;:&quot;&quot;,&quot;orientation&quot;:&quot;0&quot;}\" data-image-title=\"aschegraben-2\" data-image-description=\"\" data-image-caption=\"\" data-large-file=\"https:\/\/dirwabaum.de\/wordpress\/wp-content\/uploads\/2021\/05\/aschegraben-2.jpg\" src=\"https:\/\/dirwabaum.de\/wordpress\/wp-content\/uploads\/2021\/05\/aschegraben-2.jpg\" alt=\"\" class=\"wp-image-26682\" srcset=\"https:\/\/dirwabaum.de\/wordpress\/wp-content\/uploads\/2021\/05\/aschegraben-2.jpg 1000w, https:\/\/dirwabaum.de\/wordpress\/wp-content\/uploads\/2021\/05\/aschegraben-2-300x225.jpg 300w, https:\/\/dirwabaum.de\/wordpress\/wp-content\/uploads\/2021\/05\/aschegraben-2-150x113.jpg 150w, https:\/\/dirwabaum.de\/wordpress\/wp-content\/uploads\/2021\/05\/aschegraben-2-768x576.jpg 768w\" sizes=\"auto, (max-width: 1000px) 100vw, 1000px\" \/><\/a><\/figure>\n<\/div>\n\n\n<p class=\"wp-block-paragraph\"><br><span style=\"font-size: 12pt;\">in dem bereich ist der graben seit meinem letzten besuch saniert worden &#8211; das sichert wohl seine existenz f\u00fcr die n\u00e4chsten jahrzehnte aber der urspr\u00fcngliche charme ist ein wenig verloren gegangen. nicht so der vom schwarzen teich<\/span><br><br><\/p>\n\n\n<div class=\"wp-block-image\">\n<figure class=\"aligncenter\"><a href=\"https:\/\/dirwabaum.de\/wordpress\/wp-content\/uploads\/2021\/05\/aschegraben-3.jpg\"><img loading=\"lazy\" decoding=\"async\" width=\"1000\" height=\"750\" data-attachment-id=\"26684\" data-permalink=\"https:\/\/dirwabaum.de\/wordpress\/2021\/05\/08\/von-asche-braeuten-und-einem-dichter-fuersten\/aschegraben-3\/\" data-orig-file=\"https:\/\/dirwabaum.de\/wordpress\/wp-content\/uploads\/2021\/05\/aschegraben-3.jpg\" data-orig-size=\"1000,750\" data-comments-opened=\"1\" data-image-meta=\"{&quot;aperture&quot;:&quot;1.8&quot;,&quot;credit&quot;:&quot;&quot;,&quot;camera&quot;:&quot;iPhone XR&quot;,&quot;caption&quot;:&quot;&quot;,&quot;created_timestamp&quot;:&quot;1620460438&quot;,&quot;copyright&quot;:&quot;\\u00a9 derbaum&quot;,&quot;focal_length&quot;:&quot;4.25&quot;,&quot;iso&quot;:&quot;25&quot;,&quot;shutter_speed&quot;:&quot;0.0045454545454545&quot;,&quot;title&quot;:&quot;&quot;,&quot;orientation&quot;:&quot;0&quot;}\" data-image-title=\"aschegraben-3\" data-image-description=\"\" data-image-caption=\"\" data-large-file=\"https:\/\/dirwabaum.de\/wordpress\/wp-content\/uploads\/2021\/05\/aschegraben-3.jpg\" src=\"https:\/\/dirwabaum.de\/wordpress\/wp-content\/uploads\/2021\/05\/aschegraben-3.jpg\" alt=\"\" class=\"wp-image-26684\" srcset=\"https:\/\/dirwabaum.de\/wordpress\/wp-content\/uploads\/2021\/05\/aschegraben-3.jpg 1000w, https:\/\/dirwabaum.de\/wordpress\/wp-content\/uploads\/2021\/05\/aschegraben-3-300x225.jpg 300w, https:\/\/dirwabaum.de\/wordpress\/wp-content\/uploads\/2021\/05\/aschegraben-3-150x113.jpg 150w, https:\/\/dirwabaum.de\/wordpress\/wp-content\/uploads\/2021\/05\/aschegraben-3-768x576.jpg 768w\" sizes=\"auto, (max-width: 1000px) 100vw, 1000px\" \/><\/a><\/figure>\n<\/div>\n\n\n<p class=\"wp-block-paragraph\"><br><span style=\"font-size: 12pt;\">er hat seinen nach wie vor. und das bild zeigt gleich noch eine bemerkenswerte randnotiz &#8211; es hat in der nacht geschneit. am 8.mai! und ich hab die runde bei muckeligen 4\u00b0C gedreht&#8230;<\/span><\/p>\n\n\n\n<p class=\"wp-block-paragraph\"><span style=\"font-size: 12pt;\">ge- und besucht habe ich auch den sogenannten <a href=\"https:\/\/goo.gl\/maps\/z1YdhUPG6VJ2bZni8\" target=\"_blank\" rel=\"noopener\">&#8218;brautstock&#8216;<\/a><\/span><br><br><\/p>\n\n\n<div class=\"wp-block-image\">\n<figure class=\"aligncenter\"><a href=\"https:\/\/dirwabaum.de\/wordpress\/wp-content\/uploads\/2021\/05\/brautstock-II.jpg\"><img loading=\"lazy\" decoding=\"async\" width=\"800\" height=\"1067\" data-attachment-id=\"26686\" data-permalink=\"https:\/\/dirwabaum.de\/wordpress\/2021\/05\/08\/von-asche-braeuten-und-einem-dichter-fuersten\/brautstock-ii\/\" data-orig-file=\"https:\/\/dirwabaum.de\/wordpress\/wp-content\/uploads\/2021\/05\/brautstock-II.jpg\" data-orig-size=\"800,1067\" data-comments-opened=\"1\" data-image-meta=\"{&quot;aperture&quot;:&quot;1.8&quot;,&quot;credit&quot;:&quot;&quot;,&quot;camera&quot;:&quot;iPhone XR&quot;,&quot;caption&quot;:&quot;&quot;,&quot;created_timestamp&quot;:&quot;1620461289&quot;,&quot;copyright&quot;:&quot;\\u00a9 derbaum&quot;,&quot;focal_length&quot;:&quot;4.25&quot;,&quot;iso&quot;:&quot;25&quot;,&quot;shutter_speed&quot;:&quot;0.0013888888888889&quot;,&quot;title&quot;:&quot;&quot;,&quot;orientation&quot;:&quot;1&quot;}\" data-image-title=\"brautstock II\" data-image-description=\"\" data-image-caption=\"\" data-large-file=\"https:\/\/dirwabaum.de\/wordpress\/wp-content\/uploads\/2021\/05\/brautstock-II.jpg\" src=\"https:\/\/dirwabaum.de\/wordpress\/wp-content\/uploads\/2021\/05\/brautstock-II.jpg\" alt=\"\" class=\"wp-image-26686\" srcset=\"https:\/\/dirwabaum.de\/wordpress\/wp-content\/uploads\/2021\/05\/brautstock-II.jpg 800w, https:\/\/dirwabaum.de\/wordpress\/wp-content\/uploads\/2021\/05\/brautstock-II-225x300.jpg 225w, https:\/\/dirwabaum.de\/wordpress\/wp-content\/uploads\/2021\/05\/brautstock-II-112x150.jpg 112w, https:\/\/dirwabaum.de\/wordpress\/wp-content\/uploads\/2021\/05\/brautstock-II-768x1024.jpg 768w\" sizes=\"auto, (max-width: 800px) 100vw, 800px\" \/><\/a><\/figure>\n<\/div>\n\n\n<p class=\"wp-block-paragraph\"><br><span style=\"font-size: 12pt;\">\u00fcber ihn wird auf der (noch zu erstellenden) zugeh\u00f6rigen #s\u00fchnekreuz &#8211; seite zu berichten sein! zu abschluss gern noch ein wasserbild &#8211; vllt. gibts davon in den n\u00e4chsten tagen noch mehr. mal sehen wie ich mich so f\u00fchle&#8230;<\/span><br><br><\/p>\n\n\n<div class=\"wp-block-image\">\n<figure class=\"aligncenter\"><a href=\"https:\/\/dirwabaum.de\/wordpress\/wp-content\/uploads\/2021\/05\/aschegraben-4.jpg\"><img loading=\"lazy\" decoding=\"async\" width=\"1000\" height=\"750\" data-attachment-id=\"26687\" data-permalink=\"https:\/\/dirwabaum.de\/wordpress\/2021\/05\/08\/von-asche-braeuten-und-einem-dichter-fuersten\/aschegraben-4\/\" data-orig-file=\"https:\/\/dirwabaum.de\/wordpress\/wp-content\/uploads\/2021\/05\/aschegraben-4.jpg\" data-orig-size=\"1000,750\" data-comments-opened=\"1\" data-image-meta=\"{&quot;aperture&quot;:&quot;1.8&quot;,&quot;credit&quot;:&quot;&quot;,&quot;camera&quot;:&quot;&quot;,&quot;caption&quot;:&quot;&quot;,&quot;created_timestamp&quot;:&quot;1620462789&quot;,&quot;copyright&quot;:&quot;\\u00a9 derbaum&quot;,&quot;focal_length&quot;:&quot;4.25&quot;,&quot;iso&quot;:&quot;40&quot;,&quot;shutter_speed&quot;:&quot;3&quot;,&quot;title&quot;:&quot;&quot;,&quot;orientation&quot;:&quot;0&quot;}\" data-image-title=\"aschegraben-4\" data-image-description=\"\" data-image-caption=\"\" data-large-file=\"https:\/\/dirwabaum.de\/wordpress\/wp-content\/uploads\/2021\/05\/aschegraben-4.jpg\" src=\"https:\/\/dirwabaum.de\/wordpress\/wp-content\/uploads\/2021\/05\/aschegraben-4.jpg\" alt=\"\" class=\"wp-image-26687\" srcset=\"https:\/\/dirwabaum.de\/wordpress\/wp-content\/uploads\/2021\/05\/aschegraben-4.jpg 1000w, https:\/\/dirwabaum.de\/wordpress\/wp-content\/uploads\/2021\/05\/aschegraben-4-300x225.jpg 300w, https:\/\/dirwabaum.de\/wordpress\/wp-content\/uploads\/2021\/05\/aschegraben-4-150x113.jpg 150w, https:\/\/dirwabaum.de\/wordpress\/wp-content\/uploads\/2021\/05\/aschegraben-4-768x576.jpg 768w\" sizes=\"auto, (max-width: 1000px) 100vw, 1000px\" \/><\/a><\/figure>\n<\/div>\n\n\n<p class=\"wp-block-paragraph\"><br><span style=\"font-size: 12pt;\">das gibts sogar bewegt &#8211; so zum entspannen.<\/span><br><br><\/p>\n\n\n\n<figure class=\"wp-block-embed is-type-video is-provider-youtube wp-block-embed-youtube wp-embed-aspect-16-9 wp-has-aspect-ratio\"><div class=\"wp-block-embed__wrapper\">\n<div class=\"jetpack-video-wrapper\"><span class=\"embed-youtube\" style=\"text-align:center; display: block;\"><iframe loading=\"lazy\" class=\"youtube-player\" width=\"640\" height=\"360\" src=\"https:\/\/www.youtube.com\/embed\/lc9lwIapOPo?version=3&#038;rel=1&#038;showsearch=0&#038;showinfo=1&#038;iv_load_policy=1&#038;fs=1&#038;hl=de-DE&#038;autohide=2&#038;wmode=transparent\" allowfullscreen=\"true\" style=\"border:0;\" sandbox=\"allow-scripts allow-same-origin allow-popups allow-presentation allow-popups-to-escape-sandbox\"><\/iframe><\/span><\/div>\n<\/div><\/figure>\n\n\n\n<p class=\"has-text-align-center wp-block-paragraph\"><br><br><span style=\"font-size: 12pt;\">in diesem sinne ein sch\u00f6nes restwochenende!<\/span><br><br><\/p>\n\n\n\n<center>***<\/center>\n","protected":false},"excerpt":{"rendered":"<p>wieder ein komoot-titel der mir so gut gef\u00e4llt das ich ihn hier mal \u00fcbernehme. sie erinnern sich an den aschegraben? heute sollte es werden das damals ausgelassene st\u00fcck (die ersteigung von 2 8000ern war wichtiger) auch noch zu begutachten. was soll ich sagen &#8211; es war gelungen. am fr\u00fchen morgen mit noch tiefstehender sonne erinnert [&hellip;]<\/p>\n","protected":false},"author":3,"featured_media":26679,"comment_status":"open","ping_status":"open","sticky":false,"template":"","format":"standard","meta":{"_crdt_document":"","jetpack_post_was_ever_published":false,"_jetpack_newsletter_access":"","_jetpack_dont_email_post_to_subs":false,"_jetpack_newsletter_tier_id":0,"_jetpack_memberships_contains_paywalled_content":false,"_jetpack_memberships_contains_paid_content":false,"activitypub_content_warning":"","activitypub_content_visibility":"","activitypub_max_image_attachments":3,"activitypub_interaction_policy_quote":"anyone","activitypub_status":"","footnotes":"","jetpack_publicize_message":"","jetpack_publicize_feature_enabled":true,"jetpack_social_post_already_shared":true,"jetpack_social_options":{"image_generator_settings":{"template":"highway","default_image_id":0,"font":"","enabled":false},"version":2}},"categories":[412,615],"tags":[650],"class_list":["post-26676","post","type-post","status-publish","format-standard","has-post-thumbnail","hentry","category-spurensuche","category-unterwegs","tag-aschegraben"],"yoast_head":"<!-- This site is optimized with the Yoast SEO plugin v27.4 - https:\/\/yoast.com\/product\/yoast-seo-wordpress\/ -->\n<title>von asche, br\u00e4uten und einem (dichter-) f\u00fcrsten... &#8211; DerBaum<\/title>\n<meta name=\"robots\" content=\"index, follow, max-snippet:-1, max-image-preview:large, max-video-preview:-1\" \/>\n<link rel=\"canonical\" href=\"https:\/\/dirwabaum.de\/wordpress\/2021\/05\/08\/von-asche-braeuten-und-einem-dichter-fuersten\/\" \/>\n<meta property=\"og:locale\" content=\"de_DE\" \/>\n<meta property=\"og:type\" content=\"article\" \/>\n<meta property=\"og:title\" content=\"von asche, br\u00e4uten und einem (dichter-) f\u00fcrsten... &#8211; DerBaum\" \/>\n<meta property=\"og:description\" content=\"wieder ein komoot-titel der mir so gut gef\u00e4llt das ich ihn hier mal \u00fcbernehme. sie erinnern sich an den aschegraben? heute sollte es werden das damals ausgelassene st\u00fcck (die ersteigung von 2 8000ern war wichtiger) auch noch zu begutachten. was soll ich sagen &#8211; es war gelungen. am fr\u00fchen morgen mit noch tiefstehender sonne erinnert [&hellip;]\" \/>\n<meta property=\"og:url\" content=\"https:\/\/dirwabaum.de\/wordpress\/2021\/05\/08\/von-asche-braeuten-und-einem-dichter-fuersten\/\" \/>\n<meta property=\"og:site_name\" content=\"DerBaum\" \/>\n<meta property=\"article:published_time\" content=\"2021-05-08T13:50:30+00:00\" \/>\n<meta property=\"article:modified_time\" content=\"2022-05-08T05:20:02+00:00\" \/>\n<meta property=\"og:image\" content=\"https:\/\/dirwabaum.de\/wordpress\/wp-content\/uploads\/2021\/05\/aschegraben.jpg\" \/>\n\t<meta property=\"og:image:width\" content=\"705\" \/>\n\t<meta property=\"og:image:height\" content=\"1000\" \/>\n\t<meta property=\"og:image:type\" content=\"image\/jpeg\" \/>\n<meta name=\"author\" content=\"der chef\" \/>\n<meta name=\"twitter:label1\" content=\"Verfasst von\" \/>\n\t<meta name=\"twitter:data1\" content=\"der chef\" \/>\n\t<meta name=\"twitter:label2\" content=\"Gesch\u00e4tzte Lesezeit\" \/>\n\t<meta name=\"twitter:data2\" content=\"3\u00a0Minuten\" \/>\n<script type=\"application\/ld+json\" class=\"yoast-schema-graph\">{\"@context\":\"https:\\\/\\\/schema.org\",\"@graph\":[{\"@type\":\"Article\",\"@id\":\"https:\\\/\\\/dirwabaum.de\\\/wordpress\\\/2021\\\/05\\\/08\\\/von-asche-braeuten-und-einem-dichter-fuersten\\\/#article\",\"isPartOf\":{\"@id\":\"https:\\\/\\\/dirwabaum.de\\\/wordpress\\\/2021\\\/05\\\/08\\\/von-asche-braeuten-und-einem-dichter-fuersten\\\/\"},\"author\":{\"name\":\"der chef\",\"@id\":\"https:\\\/\\\/dirwabaum.de\\\/wordpress\\\/#\\\/schema\\\/person\\\/3431c8e9678d7bd4ccd94b76cf14e59f\"},\"headline\":\"von asche, br\u00e4uten und einem (dichter-) f\u00fcrsten&#8230;\",\"datePublished\":\"2021-05-08T13:50:30+00:00\",\"dateModified\":\"2022-05-08T05:20:02+00:00\",\"mainEntityOfPage\":{\"@id\":\"https:\\\/\\\/dirwabaum.de\\\/wordpress\\\/2021\\\/05\\\/08\\\/von-asche-braeuten-und-einem-dichter-fuersten\\\/\"},\"wordCount\":247,\"commentCount\":4,\"publisher\":{\"@id\":\"https:\\\/\\\/dirwabaum.de\\\/wordpress\\\/#\\\/schema\\\/person\\\/3431c8e9678d7bd4ccd94b76cf14e59f\"},\"image\":{\"@id\":\"https:\\\/\\\/dirwabaum.de\\\/wordpress\\\/2021\\\/05\\\/08\\\/von-asche-braeuten-und-einem-dichter-fuersten\\\/#primaryimage\"},\"thumbnailUrl\":\"https:\\\/\\\/dirwabaum.de\\\/wordpress\\\/wp-content\\\/uploads\\\/2021\\\/05\\\/aschegraben.jpg\",\"keywords\":[\"aschegraben\"],\"articleSection\":[\"#spurensuche\",\"#unterwegs\"],\"inLanguage\":\"de\",\"potentialAction\":[{\"@type\":\"CommentAction\",\"name\":\"Comment\",\"target\":[\"https:\\\/\\\/dirwabaum.de\\\/wordpress\\\/2021\\\/05\\\/08\\\/von-asche-braeuten-und-einem-dichter-fuersten\\\/#respond\"]}]},{\"@type\":\"WebPage\",\"@id\":\"https:\\\/\\\/dirwabaum.de\\\/wordpress\\\/2021\\\/05\\\/08\\\/von-asche-braeuten-und-einem-dichter-fuersten\\\/\",\"url\":\"https:\\\/\\\/dirwabaum.de\\\/wordpress\\\/2021\\\/05\\\/08\\\/von-asche-braeuten-und-einem-dichter-fuersten\\\/\",\"name\":\"von asche, br\u00e4uten und einem (dichter-) f\u00fcrsten... &#8211; DerBaum\",\"isPartOf\":{\"@id\":\"https:\\\/\\\/dirwabaum.de\\\/wordpress\\\/#website\"},\"primaryImageOfPage\":{\"@id\":\"https:\\\/\\\/dirwabaum.de\\\/wordpress\\\/2021\\\/05\\\/08\\\/von-asche-braeuten-und-einem-dichter-fuersten\\\/#primaryimage\"},\"image\":{\"@id\":\"https:\\\/\\\/dirwabaum.de\\\/wordpress\\\/2021\\\/05\\\/08\\\/von-asche-braeuten-und-einem-dichter-fuersten\\\/#primaryimage\"},\"thumbnailUrl\":\"https:\\\/\\\/dirwabaum.de\\\/wordpress\\\/wp-content\\\/uploads\\\/2021\\\/05\\\/aschegraben.jpg\",\"datePublished\":\"2021-05-08T13:50:30+00:00\",\"dateModified\":\"2022-05-08T05:20:02+00:00\",\"breadcrumb\":{\"@id\":\"https:\\\/\\\/dirwabaum.de\\\/wordpress\\\/2021\\\/05\\\/08\\\/von-asche-braeuten-und-einem-dichter-fuersten\\\/#breadcrumb\"},\"inLanguage\":\"de\",\"potentialAction\":[{\"@type\":\"ReadAction\",\"target\":[\"https:\\\/\\\/dirwabaum.de\\\/wordpress\\\/2021\\\/05\\\/08\\\/von-asche-braeuten-und-einem-dichter-fuersten\\\/\"]}]},{\"@type\":\"ImageObject\",\"inLanguage\":\"de\",\"@id\":\"https:\\\/\\\/dirwabaum.de\\\/wordpress\\\/2021\\\/05\\\/08\\\/von-asche-braeuten-und-einem-dichter-fuersten\\\/#primaryimage\",\"url\":\"https:\\\/\\\/dirwabaum.de\\\/wordpress\\\/wp-content\\\/uploads\\\/2021\\\/05\\\/aschegraben.jpg\",\"contentUrl\":\"https:\\\/\\\/dirwabaum.de\\\/wordpress\\\/wp-content\\\/uploads\\\/2021\\\/05\\\/aschegraben.jpg\",\"width\":\"705\",\"height\":\"1000\"},{\"@type\":\"BreadcrumbList\",\"@id\":\"https:\\\/\\\/dirwabaum.de\\\/wordpress\\\/2021\\\/05\\\/08\\\/von-asche-braeuten-und-einem-dichter-fuersten\\\/#breadcrumb\",\"itemListElement\":[{\"@type\":\"ListItem\",\"position\":1,\"name\":\"Home\",\"item\":\"https:\\\/\\\/dirwabaum.de\\\/wordpress\\\/\"},{\"@type\":\"ListItem\",\"position\":2,\"name\":\"von asche, br\u00e4uten und einem (dichter-) f\u00fcrsten&#8230;\"}]},{\"@type\":\"WebSite\",\"@id\":\"https:\\\/\\\/dirwabaum.de\\\/wordpress\\\/#website\",\"url\":\"https:\\\/\\\/dirwabaum.de\\\/wordpress\\\/\",\"name\":\"DerBaum\",\"description\":\"...schreibt oder auch nicht\",\"publisher\":{\"@id\":\"https:\\\/\\\/dirwabaum.de\\\/wordpress\\\/#\\\/schema\\\/person\\\/3431c8e9678d7bd4ccd94b76cf14e59f\"},\"potentialAction\":[{\"@type\":\"SearchAction\",\"target\":{\"@type\":\"EntryPoint\",\"urlTemplate\":\"https:\\\/\\\/dirwabaum.de\\\/wordpress\\\/?s={search_term_string}\"},\"query-input\":{\"@type\":\"PropertyValueSpecification\",\"valueRequired\":true,\"valueName\":\"search_term_string\"}}],\"inLanguage\":\"de\"},{\"@type\":[\"Person\",\"Organization\"],\"@id\":\"https:\\\/\\\/dirwabaum.de\\\/wordpress\\\/#\\\/schema\\\/person\\\/3431c8e9678d7bd4ccd94b76cf14e59f\",\"name\":\"der chef\",\"image\":{\"@type\":\"ImageObject\",\"inLanguage\":\"de\",\"@id\":\"https:\\\/\\\/i2.wp.com\\\/dirwabaum.de\\\/wordpress\\\/wp-content\\\/uploads\\\/2020\\\/11\\\/Foto-02.10.11-08-54-32.jpg?fit=1936%2C1936&ssl=1\",\"url\":\"https:\\\/\\\/i2.wp.com\\\/dirwabaum.de\\\/wordpress\\\/wp-content\\\/uploads\\\/2020\\\/11\\\/Foto-02.10.11-08-54-32.jpg?fit=1936%2C1936&ssl=1\",\"contentUrl\":\"https:\\\/\\\/i2.wp.com\\\/dirwabaum.de\\\/wordpress\\\/wp-content\\\/uploads\\\/2020\\\/11\\\/Foto-02.10.11-08-54-32.jpg?fit=1936%2C1936&ssl=1\",\"width\":\"1936\",\"height\":\"1936\",\"caption\":\"der chef\"},\"logo\":{\"@id\":\"https:\\\/\\\/i2.wp.com\\\/dirwabaum.de\\\/wordpress\\\/wp-content\\\/uploads\\\/2020\\\/11\\\/Foto-02.10.11-08-54-32.jpg?fit=1936%2C1936&ssl=1\"},\"description\":\"Tue einfach so als w\u00fcsstest du was du tust!\",\"sameAs\":[\"https:\\\/\\\/x.com\\\/derbaum\"]}]}<\/script>\n<!-- \/ Yoast SEO plugin. -->","yoast_head_json":{"title":"von asche, br\u00e4uten und einem (dichter-) f\u00fcrsten... &#8211; DerBaum","robots":{"index":"index","follow":"follow","max-snippet":"max-snippet:-1","max-image-preview":"max-image-preview:large","max-video-preview":"max-video-preview:-1"},"canonical":"https:\/\/dirwabaum.de\/wordpress\/2021\/05\/08\/von-asche-braeuten-und-einem-dichter-fuersten\/","og_locale":"de_DE","og_type":"article","og_title":"von asche, br\u00e4uten und einem (dichter-) f\u00fcrsten... &#8211; DerBaum","og_description":"wieder ein komoot-titel der mir so gut gef\u00e4llt das ich ihn hier mal \u00fcbernehme. sie erinnern sich an den aschegraben? heute sollte es werden das damals ausgelassene st\u00fcck (die ersteigung von 2 8000ern war wichtiger) auch noch zu begutachten. was soll ich sagen &#8211; es war gelungen. am fr\u00fchen morgen mit noch tiefstehender sonne erinnert [&hellip;]","og_url":"https:\/\/dirwabaum.de\/wordpress\/2021\/05\/08\/von-asche-braeuten-und-einem-dichter-fuersten\/","og_site_name":"DerBaum","article_published_time":"2021-05-08T13:50:30+00:00","article_modified_time":"2022-05-08T05:20:02+00:00","og_image":[{"width":705,"height":1000,"url":"https:\/\/dirwabaum.de\/wordpress\/wp-content\/uploads\/2021\/05\/aschegraben.jpg","type":"image\/jpeg"}],"author":"der chef","twitter_misc":{"Verfasst von":"der chef","Gesch\u00e4tzte Lesezeit":"3\u00a0Minuten"},"schema":{"@context":"https:\/\/schema.org","@graph":[{"@type":"Article","@id":"https:\/\/dirwabaum.de\/wordpress\/2021\/05\/08\/von-asche-braeuten-und-einem-dichter-fuersten\/#article","isPartOf":{"@id":"https:\/\/dirwabaum.de\/wordpress\/2021\/05\/08\/von-asche-braeuten-und-einem-dichter-fuersten\/"},"author":{"name":"der chef","@id":"https:\/\/dirwabaum.de\/wordpress\/#\/schema\/person\/3431c8e9678d7bd4ccd94b76cf14e59f"},"headline":"von asche, br\u00e4uten und einem (dichter-) f\u00fcrsten&#8230;","datePublished":"2021-05-08T13:50:30+00:00","dateModified":"2022-05-08T05:20:02+00:00","mainEntityOfPage":{"@id":"https:\/\/dirwabaum.de\/wordpress\/2021\/05\/08\/von-asche-braeuten-und-einem-dichter-fuersten\/"},"wordCount":247,"commentCount":4,"publisher":{"@id":"https:\/\/dirwabaum.de\/wordpress\/#\/schema\/person\/3431c8e9678d7bd4ccd94b76cf14e59f"},"image":{"@id":"https:\/\/dirwabaum.de\/wordpress\/2021\/05\/08\/von-asche-braeuten-und-einem-dichter-fuersten\/#primaryimage"},"thumbnailUrl":"https:\/\/dirwabaum.de\/wordpress\/wp-content\/uploads\/2021\/05\/aschegraben.jpg","keywords":["aschegraben"],"articleSection":["#spurensuche","#unterwegs"],"inLanguage":"de","potentialAction":[{"@type":"CommentAction","name":"Comment","target":["https:\/\/dirwabaum.de\/wordpress\/2021\/05\/08\/von-asche-braeuten-und-einem-dichter-fuersten\/#respond"]}]},{"@type":"WebPage","@id":"https:\/\/dirwabaum.de\/wordpress\/2021\/05\/08\/von-asche-braeuten-und-einem-dichter-fuersten\/","url":"https:\/\/dirwabaum.de\/wordpress\/2021\/05\/08\/von-asche-braeuten-und-einem-dichter-fuersten\/","name":"von asche, br\u00e4uten und einem (dichter-) f\u00fcrsten... &#8211; DerBaum","isPartOf":{"@id":"https:\/\/dirwabaum.de\/wordpress\/#website"},"primaryImageOfPage":{"@id":"https:\/\/dirwabaum.de\/wordpress\/2021\/05\/08\/von-asche-braeuten-und-einem-dichter-fuersten\/#primaryimage"},"image":{"@id":"https:\/\/dirwabaum.de\/wordpress\/2021\/05\/08\/von-asche-braeuten-und-einem-dichter-fuersten\/#primaryimage"},"thumbnailUrl":"https:\/\/dirwabaum.de\/wordpress\/wp-content\/uploads\/2021\/05\/aschegraben.jpg","datePublished":"2021-05-08T13:50:30+00:00","dateModified":"2022-05-08T05:20:02+00:00","breadcrumb":{"@id":"https:\/\/dirwabaum.de\/wordpress\/2021\/05\/08\/von-asche-braeuten-und-einem-dichter-fuersten\/#breadcrumb"},"inLanguage":"de","potentialAction":[{"@type":"ReadAction","target":["https:\/\/dirwabaum.de\/wordpress\/2021\/05\/08\/von-asche-braeuten-und-einem-dichter-fuersten\/"]}]},{"@type":"ImageObject","inLanguage":"de","@id":"https:\/\/dirwabaum.de\/wordpress\/2021\/05\/08\/von-asche-braeuten-und-einem-dichter-fuersten\/#primaryimage","url":"https:\/\/dirwabaum.de\/wordpress\/wp-content\/uploads\/2021\/05\/aschegraben.jpg","contentUrl":"https:\/\/dirwabaum.de\/wordpress\/wp-content\/uploads\/2021\/05\/aschegraben.jpg","width":"705","height":"1000"},{"@type":"BreadcrumbList","@id":"https:\/\/dirwabaum.de\/wordpress\/2021\/05\/08\/von-asche-braeuten-und-einem-dichter-fuersten\/#breadcrumb","itemListElement":[{"@type":"ListItem","position":1,"name":"Home","item":"https:\/\/dirwabaum.de\/wordpress\/"},{"@type":"ListItem","position":2,"name":"von asche, br\u00e4uten und einem (dichter-) f\u00fcrsten&#8230;"}]},{"@type":"WebSite","@id":"https:\/\/dirwabaum.de\/wordpress\/#website","url":"https:\/\/dirwabaum.de\/wordpress\/","name":"DerBaum","description":"...schreibt oder auch nicht","publisher":{"@id":"https:\/\/dirwabaum.de\/wordpress\/#\/schema\/person\/3431c8e9678d7bd4ccd94b76cf14e59f"},"potentialAction":[{"@type":"SearchAction","target":{"@type":"EntryPoint","urlTemplate":"https:\/\/dirwabaum.de\/wordpress\/?s={search_term_string}"},"query-input":{"@type":"PropertyValueSpecification","valueRequired":true,"valueName":"search_term_string"}}],"inLanguage":"de"},{"@type":["Person","Organization"],"@id":"https:\/\/dirwabaum.de\/wordpress\/#\/schema\/person\/3431c8e9678d7bd4ccd94b76cf14e59f","name":"der chef","image":{"@type":"ImageObject","inLanguage":"de","@id":"https:\/\/i2.wp.com\/dirwabaum.de\/wordpress\/wp-content\/uploads\/2020\/11\/Foto-02.10.11-08-54-32.jpg?fit=1936%2C1936&ssl=1","url":"https:\/\/i2.wp.com\/dirwabaum.de\/wordpress\/wp-content\/uploads\/2020\/11\/Foto-02.10.11-08-54-32.jpg?fit=1936%2C1936&ssl=1","contentUrl":"https:\/\/i2.wp.com\/dirwabaum.de\/wordpress\/wp-content\/uploads\/2020\/11\/Foto-02.10.11-08-54-32.jpg?fit=1936%2C1936&ssl=1","width":"1936","height":"1936","caption":"der chef"},"logo":{"@id":"https:\/\/i2.wp.com\/dirwabaum.de\/wordpress\/wp-content\/uploads\/2020\/11\/Foto-02.10.11-08-54-32.jpg?fit=1936%2C1936&ssl=1"},"description":"Tue einfach so als w\u00fcsstest du was du tust!","sameAs":["https:\/\/x.com\/derbaum"]}]}},"jetpack_publicize_connections":[],"jetpack_featured_media_url":"https:\/\/dirwabaum.de\/wordpress\/wp-content\/uploads\/2021\/05\/aschegraben.jpg","jetpack_shortlink":"https:\/\/wp.me\/pIjRS-6Wg","jetpack_sharing_enabled":true,"_links":{"self":[{"href":"https:\/\/dirwabaum.de\/wordpress\/wp-json\/wp\/v2\/posts\/26676","targetHints":{"allow":["GET"]}}],"collection":[{"href":"https:\/\/dirwabaum.de\/wordpress\/wp-json\/wp\/v2\/posts"}],"about":[{"href":"https:\/\/dirwabaum.de\/wordpress\/wp-json\/wp\/v2\/types\/post"}],"author":[{"embeddable":true,"href":"https:\/\/dirwabaum.de\/wordpress\/wp-json\/wp\/v2\/users\/3"}],"replies":[{"embeddable":true,"href":"https:\/\/dirwabaum.de\/wordpress\/wp-json\/wp\/v2\/comments?post=26676"}],"version-history":[{"count":4,"href":"https:\/\/dirwabaum.de\/wordpress\/wp-json\/wp\/v2\/posts\/26676\/revisions"}],"predecessor-version":[{"id":32585,"href":"https:\/\/dirwabaum.de\/wordpress\/wp-json\/wp\/v2\/posts\/26676\/revisions\/32585"}],"wp:featuredmedia":[{"embeddable":true,"href":"https:\/\/dirwabaum.de\/wordpress\/wp-json\/wp\/v2\/media\/26679"}],"wp:attachment":[{"href":"https:\/\/dirwabaum.de\/wordpress\/wp-json\/wp\/v2\/media?parent=26676"}],"wp:term":[{"taxonomy":"category","embeddable":true,"href":"https:\/\/dirwabaum.de\/wordpress\/wp-json\/wp\/v2\/categories?post=26676"},{"taxonomy":"post_tag","embeddable":true,"href":"https:\/\/dirwabaum.de\/wordpress\/wp-json\/wp\/v2\/tags?post=26676"}],"curies":[{"name":"wp","href":"https:\/\/api.w.org\/{rel}","templated":true}]}}