{"id":26724,"date":"2021-05-15T15:15:17","date_gmt":"2021-05-15T13:15:17","guid":{"rendered":"https:\/\/dirwabaum.de\/wordpress\/?p=26724"},"modified":"2021-08-15T13:28:12","modified_gmt":"2021-08-15T11:28:12","slug":"2-mal-fuerstenwalde","status":"publish","type":"post","link":"https:\/\/dirwabaum.de\/wordpress\/2021\/05\/15\/2-mal-fuerstenwalde\/","title":{"rendered":"2 mal f\u00fcrstenwalde"},"content":{"rendered":"<div class='__iawmlf-post-loop-links' style='display:none;' data-iawmlf-post-links='[{&quot;id&quot;:609,&quot;href&quot;:&quot;https:\\\/\\\/youtu.be\\\/UE7lLykUd14&quot;,&quot;archived_href&quot;:&quot;&quot;,&quot;redirect_href&quot;:&quot;https:\\\/\\\/www.youtube.com\\\/watch?v=UE7lLykUd14&amp;feature=youtu.be&quot;,&quot;checks&quot;:[],&quot;broken&quot;:false,&quot;last_checked&quot;:null,&quot;process&quot;:&quot;done&quot;},{&quot;id&quot;:610,&quot;href&quot;:&quot;https:\\\/\\\/de.wikipedia.org\\\/wiki\\\/George_B%C3%A4hr&quot;,&quot;archived_href&quot;:&quot;http:\\\/\\\/web-wp.archive.org\\\/web\\\/20260101174535\\\/https:\\\/\\\/de.wikipedia.org\\\/wiki\\\/George_B%C3%A4hr&quot;,&quot;redirect_href&quot;:&quot;&quot;,&quot;checks&quot;:[{&quot;date&quot;:&quot;2026-02-09 09:56:01&quot;,&quot;http_code&quot;:200}],&quot;broken&quot;:false,&quot;last_checked&quot;:{&quot;date&quot;:&quot;2026-02-09 09:56:01&quot;,&quot;http_code&quot;:200},&quot;process&quot;:&quot;done&quot;},{&quot;id&quot;:608,&quot;href&quot;:&quot;https:\\\/\\\/wp.me\\\/PIjRS-64n&quot;,&quot;archived_href&quot;:&quot;&quot;,&quot;redirect_href&quot;:&quot;&quot;,&quot;checks&quot;:[],&quot;broken&quot;:false,&quot;last_checked&quot;:null,&quot;process&quot;:&quot;done&quot;},{&quot;id&quot;:611,&quot;href&quot;:&quot;https:\\\/\\\/silberpixel.net&quot;,&quot;archived_href&quot;:&quot;http:\\\/\\\/web-wp.archive.org\\\/web\\\/20251204110424\\\/https:\\\/\\\/silberpixel.net\\\/&quot;,&quot;redirect_href&quot;:&quot;&quot;,&quot;checks&quot;:[{&quot;date&quot;:&quot;2026-02-09 09:56:04&quot;,&quot;http_code&quot;:200},{&quot;date&quot;:&quot;2026-02-18 07:01:31&quot;,&quot;http_code&quot;:200},{&quot;date&quot;:&quot;2026-02-22 18:03:48&quot;,&quot;http_code&quot;:503},{&quot;date&quot;:&quot;2026-04-10 11:35:31&quot;,&quot;http_code&quot;:503},{&quot;date&quot;:&quot;2026-04-14 11:05:57&quot;,&quot;http_code&quot;:200},{&quot;date&quot;:&quot;2026-04-19 01:37:14&quot;,&quot;http_code&quot;:200},{&quot;date&quot;:&quot;2026-04-24 20:41:58&quot;,&quot;http_code&quot;:200}],&quot;broken&quot;:false,&quot;last_checked&quot;:{&quot;date&quot;:&quot;2026-04-24 20:41:58&quot;,&quot;http_code&quot;:200},&quot;process&quot;:&quot;done&quot;}]'><\/div>\n<p><span style=\"font-size: 12pt;\">In anderen zeiten h\u00e4tte ich versucht oben im gebirge zu \u00fcbernachten &#8211; so bin ich die 50km eben 2x gefahren. gestern war eigentlich ein anderes ziel als f\u00fcrstenwalde der hauptpunkt:<\/span><\/p>\n<p>&nbsp;<\/p>\n<p><a href=\"https:\/\/dirwabaum.de\/wordpress\/wp-content\/uploads\/2021\/05\/tiefenbach-klein.jpg\"><img loading=\"lazy\" decoding=\"async\" data-attachment-id=\"26725\" data-permalink=\"https:\/\/dirwabaum.de\/wordpress\/2021\/05\/15\/2-mal-fuerstenwalde\/tiefenbach-klein\/\" data-orig-file=\"https:\/\/dirwabaum.de\/wordpress\/wp-content\/uploads\/2021\/05\/tiefenbach-klein.jpg\" data-orig-size=\"800,1254\" data-comments-opened=\"1\" data-image-meta=\"{&quot;aperture&quot;:&quot;1.8&quot;,&quot;credit&quot;:&quot;&quot;,&quot;camera&quot;:&quot;iPhone&quot;,&quot;caption&quot;:&quot;&quot;,&quot;created_timestamp&quot;:&quot;1620987666&quot;,&quot;copyright&quot;:&quot;\\u00a9 derbaum&quot;,&quot;focal_length&quot;:&quot;4.25&quot;,&quot;iso&quot;:&quot;25&quot;,&quot;shutter_speed&quot;:&quot;0&quot;,&quot;title&quot;:&quot;&quot;,&quot;orientation&quot;:&quot;1&quot;}\" data-image-title=\"tiefenbach klein\" data-image-description=\"\" data-image-caption=\"\" data-large-file=\"https:\/\/dirwabaum.de\/wordpress\/wp-content\/uploads\/2021\/05\/tiefenbach-klein.jpg\" class=\"aligncenter size-full wp-image-26725\" src=\"https:\/\/dirwabaum.de\/wordpress\/wp-content\/uploads\/2021\/05\/tiefenbach-klein.jpg\" alt=\"\" width=\"800\" height=\"1254\" srcset=\"https:\/\/dirwabaum.de\/wordpress\/wp-content\/uploads\/2021\/05\/tiefenbach-klein.jpg 800w, https:\/\/dirwabaum.de\/wordpress\/wp-content\/uploads\/2021\/05\/tiefenbach-klein-191x300.jpg 191w, https:\/\/dirwabaum.de\/wordpress\/wp-content\/uploads\/2021\/05\/tiefenbach-klein-96x150.jpg 96w, https:\/\/dirwabaum.de\/wordpress\/wp-content\/uploads\/2021\/05\/tiefenbach-klein-768x1204.jpg 768w\" sizes=\"auto, (max-width: 800px) 100vw, 800px\" \/><\/a><\/p>\n<p>&nbsp;<\/p>\n<p style=\"text-align: justify;\"><span style=\"font-size: 12pt;\">die geneigte leserschaft wird ihn erkennen &#8211; der <a href=\"https:\/\/dirwabaum.de\/wordpress\/search\/?q=tiefenbach\" target=\"_blank\" rel=\"noopener\">tiefenbach wasserfall<\/a>. so viel wasser hatte er selten oder noch nie wenn ich dort war. und es erwies sich das diesmal das eifon die bessere wahl war &#8211; einfach weil man dessen linse halbwegs trocken halten kann&#8230;<\/span><\/p>\n<p>&nbsp;<\/p>\n<p><a href=\"https:\/\/dirwabaum.de\/wordpress\/wp-content\/uploads\/2021\/05\/tiefenbach-II.jpg\"><img loading=\"lazy\" decoding=\"async\" data-attachment-id=\"26730\" data-permalink=\"https:\/\/dirwabaum.de\/wordpress\/2021\/05\/15\/2-mal-fuerstenwalde\/tiefenbach-ii\/\" data-orig-file=\"https:\/\/dirwabaum.de\/wordpress\/wp-content\/uploads\/2021\/05\/tiefenbach-II.jpg\" data-orig-size=\"800,1067\" data-comments-opened=\"1\" data-image-meta=\"{&quot;aperture&quot;:&quot;1.8&quot;,&quot;credit&quot;:&quot;&quot;,&quot;camera&quot;:&quot;&quot;,&quot;caption&quot;:&quot;&quot;,&quot;created_timestamp&quot;:&quot;1620980982&quot;,&quot;copyright&quot;:&quot;\\u00a9 derbaum&quot;,&quot;focal_length&quot;:&quot;4.25&quot;,&quot;iso&quot;:&quot;25&quot;,&quot;shutter_speed&quot;:&quot;3&quot;,&quot;title&quot;:&quot;&quot;,&quot;orientation&quot;:&quot;1&quot;}\" data-image-title=\"tiefenbach II\" data-image-description=\"\" data-image-caption=\"\" data-large-file=\"https:\/\/dirwabaum.de\/wordpress\/wp-content\/uploads\/2021\/05\/tiefenbach-II.jpg\" class=\"aligncenter size-full wp-image-26730\" src=\"https:\/\/dirwabaum.de\/wordpress\/wp-content\/uploads\/2021\/05\/tiefenbach-II.jpg\" alt=\"\" width=\"800\" height=\"1067\" srcset=\"https:\/\/dirwabaum.de\/wordpress\/wp-content\/uploads\/2021\/05\/tiefenbach-II.jpg 800w, https:\/\/dirwabaum.de\/wordpress\/wp-content\/uploads\/2021\/05\/tiefenbach-II-225x300.jpg 225w, https:\/\/dirwabaum.de\/wordpress\/wp-content\/uploads\/2021\/05\/tiefenbach-II-112x150.jpg 112w, https:\/\/dirwabaum.de\/wordpress\/wp-content\/uploads\/2021\/05\/tiefenbach-II-768x1024.jpg 768w\" sizes=\"auto, (max-width: 800px) 100vw, 800px\" \/><\/a><\/p>\n<p>&nbsp;<\/p>\n<p style=\"text-align: justify;\">(<span style=\"font-size: 12pt;\">bei diesem bild erkennt man die schw\u00e4chen der software-l\u00f6sungen &#8211; es gibt kein einheitliches fallbild sondern solche stufen darin. meist sieht man es nicht aber bei bestimmten lichverh\u00e4ltnissen stimmen verschluss und blende wohl nicht optimal &#8211; seis drum, es war beeindruckend! bewegte bilder gibts <a href=\"https:\/\/youtu.be\/UE7lLykUd14\" target=\"_blank\" rel=\"noopener\">hier<\/a>&#8230;). auf dem heimweg (es dauerregnete) hab ich aber dann doch noch hier<\/span><\/p>\n<p>&nbsp;<\/p>\n<p><a href=\"https:\/\/dirwabaum.de\/wordpress\/wp-content\/uploads\/2021\/05\/kirche-fuerstenwalde-I.jpg\"><img loading=\"lazy\" decoding=\"async\" data-attachment-id=\"26729\" data-permalink=\"https:\/\/dirwabaum.de\/wordpress\/2021\/05\/15\/2-mal-fuerstenwalde\/kirche-fuerstenwalde-i\/\" data-orig-file=\"https:\/\/dirwabaum.de\/wordpress\/wp-content\/uploads\/2021\/05\/kirche-fuerstenwalde-I.jpg\" data-orig-size=\"1000,811\" data-comments-opened=\"1\" data-image-meta=\"{&quot;aperture&quot;:&quot;1.8&quot;,&quot;credit&quot;:&quot;&quot;,&quot;camera&quot;:&quot;iPhone XR&quot;,&quot;caption&quot;:&quot;&quot;,&quot;created_timestamp&quot;:&quot;1620990302&quot;,&quot;copyright&quot;:&quot;\\u00a9 derbaum&quot;,&quot;focal_length&quot;:&quot;4.25&quot;,&quot;iso&quot;:&quot;25&quot;,&quot;shutter_speed&quot;:&quot;7.8125E-5&quot;,&quot;title&quot;:&quot;&quot;,&quot;orientation&quot;:&quot;1&quot;}\" data-image-title=\"kirche fuerstenwalde I\" data-image-description=\"\" data-image-caption=\"\" data-large-file=\"https:\/\/dirwabaum.de\/wordpress\/wp-content\/uploads\/2021\/05\/kirche-fuerstenwalde-I.jpg\" class=\"aligncenter size-full wp-image-26729\" src=\"https:\/\/dirwabaum.de\/wordpress\/wp-content\/uploads\/2021\/05\/kirche-fuerstenwalde-I.jpg\" alt=\"\" width=\"1000\" height=\"811\" srcset=\"https:\/\/dirwabaum.de\/wordpress\/wp-content\/uploads\/2021\/05\/kirche-fuerstenwalde-I.jpg 1000w, https:\/\/dirwabaum.de\/wordpress\/wp-content\/uploads\/2021\/05\/kirche-fuerstenwalde-I-300x243.jpg 300w, https:\/\/dirwabaum.de\/wordpress\/wp-content\/uploads\/2021\/05\/kirche-fuerstenwalde-I-150x122.jpg 150w, https:\/\/dirwabaum.de\/wordpress\/wp-content\/uploads\/2021\/05\/kirche-fuerstenwalde-I-768x623.jpg 768w\" sizes=\"auto, (max-width: 1000px) 100vw, 1000px\" \/><\/a><\/p>\n<p>&nbsp;<\/p>\n<p style=\"text-align: justify;\"><span style=\"font-size: 12pt;\">angehalten und was soll ich sagen &#8211; es ward mir aufgetan! also prompt noch eine <a href=\"https:\/\/dirwabaum.de\/wordpress\/kirchensafari\/\">#kirchensafari<\/a> angeh\u00e4ngt &#8211; die seite folgt hier! das kirchlein in f\u00fcrstenwalde in dem der grosse baumeister <a href=\"https:\/\/de.wikipedia.org\/wiki\/George_B%C3%A4hr\" target=\"_blank\" rel=\"noopener\">george b\u00e4hr<\/a> getauft wurde. die gemeinde erinnert auch mit einem obelisken daran!<\/span><\/p>\n<p>&nbsp;<\/p>\n<p><a href=\"https:\/\/dirwabaum.de\/wordpress\/wp-content\/uploads\/2021\/05\/baehr-I.jpg\"><img loading=\"lazy\" decoding=\"async\" data-attachment-id=\"26735\" data-permalink=\"https:\/\/dirwabaum.de\/wordpress\/2021\/05\/15\/2-mal-fuerstenwalde\/baehr\/\" data-orig-file=\"https:\/\/dirwabaum.de\/wordpress\/wp-content\/uploads\/2021\/05\/baehr.jpg\" data-orig-size=\"800,1067\" data-comments-opened=\"1\" data-image-meta=\"{&quot;aperture&quot;:&quot;1.8&quot;,&quot;credit&quot;:&quot;&quot;,&quot;camera&quot;:&quot;iPhone XR&quot;,&quot;caption&quot;:&quot;&quot;,&quot;created_timestamp&quot;:&quot;1620987813&quot;,&quot;copyright&quot;:&quot;\\u00a9 derbaum&quot;,&quot;focal_length&quot;:&quot;4.25&quot;,&quot;iso&quot;:&quot;25&quot;,&quot;shutter_speed&quot;:&quot;0.0020408163265306&quot;,&quot;title&quot;:&quot;&quot;,&quot;orientation&quot;:&quot;1&quot;}\" data-image-title=\"baehr\" data-image-description=\"\" data-image-caption=\"\" data-large-file=\"https:\/\/dirwabaum.de\/wordpress\/wp-content\/uploads\/2021\/05\/baehr.jpg\" class=\"aligncenter size-full wp-image-26735\" src=\"https:\/\/dirwabaum.de\/wordpress\/wp-content\/uploads\/2021\/05\/baehr.jpg\" alt=\"\" width=\"800\" height=\"1067\" srcset=\"https:\/\/dirwabaum.de\/wordpress\/wp-content\/uploads\/2021\/05\/baehr.jpg 800w, https:\/\/dirwabaum.de\/wordpress\/wp-content\/uploads\/2021\/05\/baehr-225x300.jpg 225w, https:\/\/dirwabaum.de\/wordpress\/wp-content\/uploads\/2021\/05\/baehr-112x150.jpg 112w, https:\/\/dirwabaum.de\/wordpress\/wp-content\/uploads\/2021\/05\/baehr-768x1024.jpg 768w\" sizes=\"auto, (max-width: 800px) 100vw, 800px\" \/><\/a><\/p>\n<p style=\"text-align: center;\"><span style=\"font-size: 10pt;\">(klickklack aufs bild f\u00fcr details&#8230;)<\/span><\/p>\n<p>&nbsp;<\/p>\n<p style=\"text-align: justify;\"><span style=\"font-size: 12pt;\">heute dann ein ganz anderer tagesbeginn &#8211; und ich schon vor sieben oben auf dem ergebirgskamm. bei stahlendem sonnenschein. nach einer kleinen halben stunde habe ich unter lautem lerchengesang (die einzigen ger\u00e4usche da draussen), nassen fusses mein ziel erreicht &#8211; das schwarze kreuz.<\/span><\/p>\n<p>&nbsp;<\/p>\n<p><a href=\"https:\/\/dirwabaum.de\/wordpress\/wp-content\/uploads\/2021\/05\/schwarzes-kreuz-I.jpg\"><img loading=\"lazy\" decoding=\"async\" data-attachment-id=\"26737\" data-permalink=\"https:\/\/dirwabaum.de\/wordpress\/2021\/05\/15\/2-mal-fuerstenwalde\/schwarzes-kreuz-i\/\" data-orig-file=\"https:\/\/dirwabaum.de\/wordpress\/wp-content\/uploads\/2021\/05\/schwarzes-kreuz-I.jpg\" data-orig-size=\"800,1139\" data-comments-opened=\"1\" data-image-meta=\"{&quot;aperture&quot;:&quot;1.8&quot;,&quot;credit&quot;:&quot;&quot;,&quot;camera&quot;:&quot;iPhone XR&quot;,&quot;caption&quot;:&quot;&quot;,&quot;created_timestamp&quot;:&quot;1620987813&quot;,&quot;copyright&quot;:&quot;\\u00a9 derbaum&quot;,&quot;focal_length&quot;:&quot;4.25&quot;,&quot;iso&quot;:&quot;25&quot;,&quot;shutter_speed&quot;:&quot;0.0021276595744681&quot;,&quot;title&quot;:&quot;&quot;,&quot;orientation&quot;:&quot;1&quot;}\" data-image-title=\"schwarzes kreuz I\" data-image-description=\"\" data-image-caption=\"\" data-large-file=\"https:\/\/dirwabaum.de\/wordpress\/wp-content\/uploads\/2021\/05\/schwarzes-kreuz-I.jpg\" class=\"aligncenter size-full wp-image-26737\" src=\"https:\/\/dirwabaum.de\/wordpress\/wp-content\/uploads\/2021\/05\/schwarzes-kreuz-I.jpg\" alt=\"\" width=\"800\" height=\"1139\" srcset=\"https:\/\/dirwabaum.de\/wordpress\/wp-content\/uploads\/2021\/05\/schwarzes-kreuz-I.jpg 800w, https:\/\/dirwabaum.de\/wordpress\/wp-content\/uploads\/2021\/05\/schwarzes-kreuz-I-211x300.jpg 211w, https:\/\/dirwabaum.de\/wordpress\/wp-content\/uploads\/2021\/05\/schwarzes-kreuz-I-105x150.jpg 105w, https:\/\/dirwabaum.de\/wordpress\/wp-content\/uploads\/2021\/05\/schwarzes-kreuz-I-768x1093.jpg 768w\" sizes=\"auto, (max-width: 800px) 100vw, 800px\" \/><\/a><\/p>\n<p><a href=\"https:\/\/dirwabaum.de\/wordpress\/wp-content\/uploads\/2021\/05\/schwarzes-kreuz-II.jpg\"><img loading=\"lazy\" decoding=\"async\" data-attachment-id=\"26738\" data-permalink=\"https:\/\/dirwabaum.de\/wordpress\/2021\/05\/15\/2-mal-fuerstenwalde\/schwarzes-kreuz-ii\/\" data-orig-file=\"https:\/\/dirwabaum.de\/wordpress\/wp-content\/uploads\/2021\/05\/schwarzes-kreuz-II.jpg\" data-orig-size=\"800,1067\" data-comments-opened=\"1\" data-image-meta=\"{&quot;aperture&quot;:&quot;1.8&quot;,&quot;credit&quot;:&quot;&quot;,&quot;camera&quot;:&quot;iPhone XR&quot;,&quot;caption&quot;:&quot;&quot;,&quot;created_timestamp&quot;:&quot;1621062690&quot;,&quot;copyright&quot;:&quot;\\u00a9 derbaum&quot;,&quot;focal_length&quot;:&quot;4.25&quot;,&quot;iso&quot;:&quot;25&quot;,&quot;shutter_speed&quot;:&quot;0.00066666666666667&quot;,&quot;title&quot;:&quot;&quot;,&quot;orientation&quot;:&quot;1&quot;}\" data-image-title=\"schwarzes kreuz II\" data-image-description=\"\" data-image-caption=\"\" data-large-file=\"https:\/\/dirwabaum.de\/wordpress\/wp-content\/uploads\/2021\/05\/schwarzes-kreuz-II.jpg\" class=\"aligncenter size-full wp-image-26738\" src=\"https:\/\/dirwabaum.de\/wordpress\/wp-content\/uploads\/2021\/05\/schwarzes-kreuz-II.jpg\" alt=\"\" width=\"800\" height=\"1067\" srcset=\"https:\/\/dirwabaum.de\/wordpress\/wp-content\/uploads\/2021\/05\/schwarzes-kreuz-II.jpg 800w, https:\/\/dirwabaum.de\/wordpress\/wp-content\/uploads\/2021\/05\/schwarzes-kreuz-II-225x300.jpg 225w, https:\/\/dirwabaum.de\/wordpress\/wp-content\/uploads\/2021\/05\/schwarzes-kreuz-II-112x150.jpg 112w, https:\/\/dirwabaum.de\/wordpress\/wp-content\/uploads\/2021\/05\/schwarzes-kreuz-II-768x1024.jpg 768w\" sizes=\"auto, (max-width: 800px) 100vw, 800px\" \/><\/a><\/p>\n<p>&nbsp;<\/p>\n<p><span style=\"font-size: 12pt;\">(mehr dazu wird es <a href=\"https:\/\/wp.me\/PIjRS-64n\" target=\"_blank\" rel=\"noopener\">hier<\/a> zu lesen geben)<\/span><\/p>\n<p><span style=\"font-size: 12pt;\">eine kleine runde durchs sozialistische ausland<\/span><\/p>\n<p>&nbsp;<\/p>\n<p><a href=\"https:\/\/dirwabaum.de\/wordpress\/wp-content\/uploads\/2021\/05\/baum-I.jpg\"><img loading=\"lazy\" decoding=\"async\" data-attachment-id=\"26739\" data-permalink=\"https:\/\/dirwabaum.de\/wordpress\/2021\/05\/15\/2-mal-fuerstenwalde\/baum-i\/\" data-orig-file=\"https:\/\/dirwabaum.de\/wordpress\/wp-content\/uploads\/2021\/05\/baum-I.jpg\" data-orig-size=\"1000,750\" data-comments-opened=\"1\" data-image-meta=\"{&quot;aperture&quot;:&quot;1.8&quot;,&quot;credit&quot;:&quot;&quot;,&quot;camera&quot;:&quot;iPhone XR&quot;,&quot;caption&quot;:&quot;&quot;,&quot;created_timestamp&quot;:&quot;1621063069&quot;,&quot;copyright&quot;:&quot;\\u00a9 derbaum&quot;,&quot;focal_length&quot;:&quot;4.25&quot;,&quot;iso&quot;:&quot;25&quot;,&quot;shutter_speed&quot;:&quot;0.00017543859649123&quot;,&quot;title&quot;:&quot;&quot;,&quot;orientation&quot;:&quot;1&quot;}\" data-image-title=\"baum I\" data-image-description=\"\" data-image-caption=\"\" data-large-file=\"https:\/\/dirwabaum.de\/wordpress\/wp-content\/uploads\/2021\/05\/baum-I.jpg\" class=\"aligncenter size-full wp-image-26739\" src=\"https:\/\/dirwabaum.de\/wordpress\/wp-content\/uploads\/2021\/05\/baum-I.jpg\" alt=\"\" width=\"1000\" height=\"750\" srcset=\"https:\/\/dirwabaum.de\/wordpress\/wp-content\/uploads\/2021\/05\/baum-I.jpg 1000w, https:\/\/dirwabaum.de\/wordpress\/wp-content\/uploads\/2021\/05\/baum-I-300x225.jpg 300w, https:\/\/dirwabaum.de\/wordpress\/wp-content\/uploads\/2021\/05\/baum-I-150x113.jpg 150w, https:\/\/dirwabaum.de\/wordpress\/wp-content\/uploads\/2021\/05\/baum-I-768x576.jpg 768w\" sizes=\"auto, (max-width: 1000px) 100vw, 1000px\" \/><\/a><\/p>\n<p>&nbsp;<\/p>\n<p><span style=\"font-size: 12pt;\">und ich stand vor dem zweiten ziel (von dem ich eben festgestellt habe &#8211; die beschreibung ist seit <a href=\"https:\/\/wp.me\/PIjRS-64n\" target=\"_blank\" rel=\"noopener\">letztem jahr<\/a> \u00fcberf\u00e4llig \ud83d\ude2e )<\/span><\/p>\n<p>&nbsp;<\/p>\n<p><a href=\"https:\/\/dirwabaum.de\/wordpress\/wp-content\/uploads\/2021\/05\/leichenstein-I.jpg\"><img loading=\"lazy\" decoding=\"async\" data-attachment-id=\"26740\" data-permalink=\"https:\/\/dirwabaum.de\/wordpress\/2021\/05\/15\/2-mal-fuerstenwalde\/leichenstein-i\/\" data-orig-file=\"https:\/\/dirwabaum.de\/wordpress\/wp-content\/uploads\/2021\/05\/leichenstein-I.jpg\" data-orig-size=\"800,993\" data-comments-opened=\"1\" data-image-meta=\"{&quot;aperture&quot;:&quot;1.8&quot;,&quot;credit&quot;:&quot;&quot;,&quot;camera&quot;:&quot;iPhone XR&quot;,&quot;caption&quot;:&quot;&quot;,&quot;created_timestamp&quot;:&quot;1620987813&quot;,&quot;copyright&quot;:&quot;\\u00a9 derbaum&quot;,&quot;focal_length&quot;:&quot;4.25&quot;,&quot;iso&quot;:&quot;64&quot;,&quot;shutter_speed&quot;:&quot;0.0083333333333333&quot;,&quot;title&quot;:&quot;&quot;,&quot;orientation&quot;:&quot;1&quot;}\" data-image-title=\"leichenstein I\" data-image-description=\"\" data-image-caption=\"\" data-large-file=\"https:\/\/dirwabaum.de\/wordpress\/wp-content\/uploads\/2021\/05\/leichenstein-I.jpg\" class=\"aligncenter size-full wp-image-26740\" src=\"https:\/\/dirwabaum.de\/wordpress\/wp-content\/uploads\/2021\/05\/leichenstein-I.jpg\" alt=\"\" width=\"800\" height=\"993\" srcset=\"https:\/\/dirwabaum.de\/wordpress\/wp-content\/uploads\/2021\/05\/leichenstein-I.jpg 800w, https:\/\/dirwabaum.de\/wordpress\/wp-content\/uploads\/2021\/05\/leichenstein-I-242x300.jpg 242w, https:\/\/dirwabaum.de\/wordpress\/wp-content\/uploads\/2021\/05\/leichenstein-I-121x150.jpg 121w, https:\/\/dirwabaum.de\/wordpress\/wp-content\/uploads\/2021\/05\/leichenstein-I-768x953.jpg 768w\" sizes=\"auto, (max-width: 800px) 100vw, 800px\" \/><\/a><\/p>\n<p>&nbsp;<\/p>\n<p style=\"text-align: justify;\"><span style=\"font-size: 12pt;\">dem sogenannten leichenstein. der ja <a href=\"https:\/\/wp.me\/PIjRS-64n\" target=\"_blank\" rel=\"noopener\">vor einem jahr<\/a> schon einmal unser ziel war.<\/span><br \/>\n<span style=\"font-size: 12pt;\">um die runde vollzumachen gings \u00fcber den &#8218;zinnernickelweg&#8216; (andere quellen sprechen vom zimmernickelweg &#8211; eine genaue beschreibung konnte ich nicht finden&#8230;) durchs fast vergessene rudolphsdorf zur\u00fcck zur clara. \u00fcber jenes fast vergessene dorf will ich noch extra berichten &#8211; ich hoffe das klappt.<\/span><\/p>\n<p style=\"text-align: justify;\"><span style=\"font-size: 12pt;\">in diesem sinne noch einen sch\u00f6nen sonnabend &#8211; inzwischen regnets wieder&#8230;<\/span><\/p>\n<p>&nbsp;<\/p>\n<p><center>***<\/center>&nbsp;<\/p>\n<p>nachtrag I<\/p>\n<p>ich hab diese woche vom <a href=\"https:\/\/silberpixel.net\/\" target=\"_blank\" rel=\"noopener\">blognachbarn<\/a> aus dem hohen norden altglas und alt-photoapparate geschenkt bekommen &#8211; das eine -4\/200- hab ich heute mal ausprobiert<\/p>\n<p>&nbsp;<\/p>\n<p><a href=\"https:\/\/dirwabaum.de\/wordpress\/wp-content\/uploads\/2021\/05\/drops-klein.jpg\"><img loading=\"lazy\" decoding=\"async\" data-attachment-id=\"26726\" data-permalink=\"https:\/\/dirwabaum.de\/wordpress\/2021\/05\/15\/2-mal-fuerstenwalde\/drops-klein\/\" data-orig-file=\"https:\/\/dirwabaum.de\/wordpress\/wp-content\/uploads\/2021\/05\/drops-klein.jpg\" data-orig-size=\"1000,662\" data-comments-opened=\"1\" data-image-meta=\"{&quot;aperture&quot;:&quot;0&quot;,&quot;credit&quot;:&quot;&quot;,&quot;camera&quot;:&quot;NIKON D5100&quot;,&quot;caption&quot;:&quot;&quot;,&quot;created_timestamp&quot;:&quot;1620987813&quot;,&quot;copyright&quot;:&quot;\\u00a9 derbaum&quot;,&quot;focal_length&quot;:&quot;0&quot;,&quot;iso&quot;:&quot;100&quot;,&quot;shutter_speed&quot;:&quot;0.004&quot;,&quot;title&quot;:&quot;&quot;,&quot;orientation&quot;:&quot;1&quot;}\" data-image-title=\"drops klein\" data-image-description=\"\" data-image-caption=\"\" data-large-file=\"https:\/\/dirwabaum.de\/wordpress\/wp-content\/uploads\/2021\/05\/drops-klein.jpg\" class=\"aligncenter size-full wp-image-26726\" src=\"https:\/\/dirwabaum.de\/wordpress\/wp-content\/uploads\/2021\/05\/drops-klein.jpg\" alt=\"\" width=\"1000\" height=\"662\" srcset=\"https:\/\/dirwabaum.de\/wordpress\/wp-content\/uploads\/2021\/05\/drops-klein.jpg 1000w, https:\/\/dirwabaum.de\/wordpress\/wp-content\/uploads\/2021\/05\/drops-klein-300x199.jpg 300w, https:\/\/dirwabaum.de\/wordpress\/wp-content\/uploads\/2021\/05\/drops-klein-150x99.jpg 150w, https:\/\/dirwabaum.de\/wordpress\/wp-content\/uploads\/2021\/05\/drops-klein-768x508.jpg 768w\" sizes=\"auto, (max-width: 1000px) 100vw, 1000px\" \/><\/a><\/p>\n<p>&nbsp;<\/p>\n<p>und was soll ich sagen &#8211; es macht lichtkullern\u2122! nochmal ganz vielen dank daf\u00fcr!<\/p>\n<p>&nbsp;<\/p>\n<p><center>***<\/center><\/p>\n","protected":false},"excerpt":{"rendered":"<p>In anderen zeiten h\u00e4tte ich versucht oben im gebirge zu \u00fcbernachten &#8211; so bin ich die 50km eben 2x gefahren. gestern war eigentlich ein anderes ziel als f\u00fcrstenwalde der hauptpunkt: &nbsp; &nbsp; die geneigte leserschaft wird ihn erkennen &#8211; der tiefenbach wasserfall. so viel wasser hatte er selten oder noch nie wenn ich dort war. [&hellip;]<\/p>\n","protected":false},"author":3,"featured_media":26729,"comment_status":"open","ping_status":"open","sticky":false,"template":"elementor_theme","format":"standard","meta":{"_crdt_document":"","jetpack_post_was_ever_published":false,"_jetpack_newsletter_access":"","_jetpack_dont_email_post_to_subs":false,"_jetpack_newsletter_tier_id":0,"_jetpack_memberships_contains_paywalled_content":false,"_jetpack_memberships_contains_paid_content":false,"activitypub_content_warning":"","activitypub_content_visibility":"","activitypub_max_image_attachments":3,"activitypub_interaction_policy_quote":"anyone","activitypub_status":"","footnotes":"","jetpack_publicize_message":"","jetpack_publicize_feature_enabled":true,"jetpack_social_post_already_shared":true,"jetpack_social_options":{"image_generator_settings":{"template":"highway","default_image_id":0,"font":"","enabled":false},"version":2}},"categories":[223,10],"tags":[257,235,93,243,237],"class_list":["post-26724","post","type-post","status-publish","format-standard","has-post-thumbnail","hentry","category-dorfkirchen","category-unterwegsseiendes","tag-257","tag-derbaum","tag-mai","tag-photographisches","tag-unterwegsseiendes"],"yoast_head":"<!-- This site is optimized with the Yoast SEO plugin v27.4 - https:\/\/yoast.com\/product\/yoast-seo-wordpress\/ -->\n<title>2 mal f\u00fcrstenwalde &#8211; DerBaum<\/title>\n<meta name=\"robots\" content=\"index, follow, max-snippet:-1, max-image-preview:large, max-video-preview:-1\" \/>\n<link rel=\"canonical\" href=\"https:\/\/dirwabaum.de\/wordpress\/2021\/05\/15\/2-mal-fuerstenwalde\/\" \/>\n<meta property=\"og:locale\" content=\"de_DE\" \/>\n<meta property=\"og:type\" content=\"article\" \/>\n<meta property=\"og:title\" content=\"2 mal f\u00fcrstenwalde &#8211; DerBaum\" \/>\n<meta property=\"og:description\" content=\"In anderen zeiten h\u00e4tte ich versucht oben im gebirge zu \u00fcbernachten &#8211; so bin ich die 50km eben 2x gefahren. gestern war eigentlich ein anderes ziel als f\u00fcrstenwalde der hauptpunkt: &nbsp; &nbsp; die geneigte leserschaft wird ihn erkennen &#8211; der tiefenbach wasserfall. so viel wasser hatte er selten oder noch nie wenn ich dort war. [&hellip;]\" \/>\n<meta property=\"og:url\" content=\"https:\/\/dirwabaum.de\/wordpress\/2021\/05\/15\/2-mal-fuerstenwalde\/\" \/>\n<meta property=\"og:site_name\" content=\"DerBaum\" \/>\n<meta property=\"article:published_time\" content=\"2021-05-15T13:15:17+00:00\" \/>\n<meta property=\"article:modified_time\" content=\"2021-08-15T11:28:12+00:00\" \/>\n<meta property=\"og:image\" content=\"https:\/\/i2.wp.com\/dirwabaum.de\/wordpress\/wp-content\/uploads\/2021\/05\/kirche-fuerstenwalde-I.jpg?fit=1000%2C811&ssl=1\" \/>\n\t<meta property=\"og:image:width\" content=\"1000\" \/>\n\t<meta property=\"og:image:height\" content=\"811\" \/>\n\t<meta property=\"og:image:type\" content=\"image\/jpeg\" \/>\n<meta name=\"author\" content=\"der chef\" \/>\n<meta name=\"twitter:label1\" content=\"Verfasst von\" \/>\n\t<meta name=\"twitter:data1\" content=\"der chef\" \/>\n\t<meta name=\"twitter:label2\" content=\"Gesch\u00e4tzte Lesezeit\" \/>\n\t<meta name=\"twitter:data2\" content=\"4\u00a0Minuten\" \/>\n<script type=\"application\/ld+json\" class=\"yoast-schema-graph\">{\"@context\":\"https:\\\/\\\/schema.org\",\"@graph\":[{\"@type\":\"Article\",\"@id\":\"https:\\\/\\\/dirwabaum.de\\\/wordpress\\\/2021\\\/05\\\/15\\\/2-mal-fuerstenwalde\\\/#article\",\"isPartOf\":{\"@id\":\"https:\\\/\\\/dirwabaum.de\\\/wordpress\\\/2021\\\/05\\\/15\\\/2-mal-fuerstenwalde\\\/\"},\"author\":{\"name\":\"der chef\",\"@id\":\"https:\\\/\\\/dirwabaum.de\\\/wordpress\\\/#\\\/schema\\\/person\\\/3431c8e9678d7bd4ccd94b76cf14e59f\"},\"headline\":\"2 mal f\u00fcrstenwalde\",\"datePublished\":\"2021-05-15T13:15:17+00:00\",\"dateModified\":\"2021-08-15T11:28:12+00:00\",\"mainEntityOfPage\":{\"@id\":\"https:\\\/\\\/dirwabaum.de\\\/wordpress\\\/2021\\\/05\\\/15\\\/2-mal-fuerstenwalde\\\/\"},\"wordCount\":403,\"commentCount\":5,\"publisher\":{\"@id\":\"https:\\\/\\\/dirwabaum.de\\\/wordpress\\\/#\\\/schema\\\/person\\\/3431c8e9678d7bd4ccd94b76cf14e59f\"},\"image\":{\"@id\":\"https:\\\/\\\/dirwabaum.de\\\/wordpress\\\/2021\\\/05\\\/15\\\/2-mal-fuerstenwalde\\\/#primaryimage\"},\"thumbnailUrl\":\"https:\\\/\\\/dirwabaum.de\\\/wordpress\\\/wp-content\\\/uploads\\\/2021\\\/05\\\/kirche-fuerstenwalde-I.jpg\",\"keywords\":[\"2012\",\"derbaum\",\"mai\",\"photographisches\",\"unterwegsseiendes\"],\"articleSection\":[\"dorfkirchen\",\"unterwegsseiendes\"],\"inLanguage\":\"de\",\"potentialAction\":[{\"@type\":\"CommentAction\",\"name\":\"Comment\",\"target\":[\"https:\\\/\\\/dirwabaum.de\\\/wordpress\\\/2021\\\/05\\\/15\\\/2-mal-fuerstenwalde\\\/#respond\"]}]},{\"@type\":\"WebPage\",\"@id\":\"https:\\\/\\\/dirwabaum.de\\\/wordpress\\\/2021\\\/05\\\/15\\\/2-mal-fuerstenwalde\\\/\",\"url\":\"https:\\\/\\\/dirwabaum.de\\\/wordpress\\\/2021\\\/05\\\/15\\\/2-mal-fuerstenwalde\\\/\",\"name\":\"2 mal f\u00fcrstenwalde &#8211; DerBaum\",\"isPartOf\":{\"@id\":\"https:\\\/\\\/dirwabaum.de\\\/wordpress\\\/#website\"},\"primaryImageOfPage\":{\"@id\":\"https:\\\/\\\/dirwabaum.de\\\/wordpress\\\/2021\\\/05\\\/15\\\/2-mal-fuerstenwalde\\\/#primaryimage\"},\"image\":{\"@id\":\"https:\\\/\\\/dirwabaum.de\\\/wordpress\\\/2021\\\/05\\\/15\\\/2-mal-fuerstenwalde\\\/#primaryimage\"},\"thumbnailUrl\":\"https:\\\/\\\/dirwabaum.de\\\/wordpress\\\/wp-content\\\/uploads\\\/2021\\\/05\\\/kirche-fuerstenwalde-I.jpg\",\"datePublished\":\"2021-05-15T13:15:17+00:00\",\"dateModified\":\"2021-08-15T11:28:12+00:00\",\"breadcrumb\":{\"@id\":\"https:\\\/\\\/dirwabaum.de\\\/wordpress\\\/2021\\\/05\\\/15\\\/2-mal-fuerstenwalde\\\/#breadcrumb\"},\"inLanguage\":\"de\",\"potentialAction\":[{\"@type\":\"ReadAction\",\"target\":[\"https:\\\/\\\/dirwabaum.de\\\/wordpress\\\/2021\\\/05\\\/15\\\/2-mal-fuerstenwalde\\\/\"]}]},{\"@type\":\"ImageObject\",\"inLanguage\":\"de\",\"@id\":\"https:\\\/\\\/dirwabaum.de\\\/wordpress\\\/2021\\\/05\\\/15\\\/2-mal-fuerstenwalde\\\/#primaryimage\",\"url\":\"https:\\\/\\\/dirwabaum.de\\\/wordpress\\\/wp-content\\\/uploads\\\/2021\\\/05\\\/kirche-fuerstenwalde-I.jpg\",\"contentUrl\":\"https:\\\/\\\/dirwabaum.de\\\/wordpress\\\/wp-content\\\/uploads\\\/2021\\\/05\\\/kirche-fuerstenwalde-I.jpg\",\"width\":\"1000\",\"height\":\"811\"},{\"@type\":\"BreadcrumbList\",\"@id\":\"https:\\\/\\\/dirwabaum.de\\\/wordpress\\\/2021\\\/05\\\/15\\\/2-mal-fuerstenwalde\\\/#breadcrumb\",\"itemListElement\":[{\"@type\":\"ListItem\",\"position\":1,\"name\":\"Home\",\"item\":\"https:\\\/\\\/dirwabaum.de\\\/wordpress\\\/\"},{\"@type\":\"ListItem\",\"position\":2,\"name\":\"2 mal f\u00fcrstenwalde\"}]},{\"@type\":\"WebSite\",\"@id\":\"https:\\\/\\\/dirwabaum.de\\\/wordpress\\\/#website\",\"url\":\"https:\\\/\\\/dirwabaum.de\\\/wordpress\\\/\",\"name\":\"DerBaum\",\"description\":\"...schreibt oder auch nicht\",\"publisher\":{\"@id\":\"https:\\\/\\\/dirwabaum.de\\\/wordpress\\\/#\\\/schema\\\/person\\\/3431c8e9678d7bd4ccd94b76cf14e59f\"},\"potentialAction\":[{\"@type\":\"SearchAction\",\"target\":{\"@type\":\"EntryPoint\",\"urlTemplate\":\"https:\\\/\\\/dirwabaum.de\\\/wordpress\\\/?s={search_term_string}\"},\"query-input\":{\"@type\":\"PropertyValueSpecification\",\"valueRequired\":true,\"valueName\":\"search_term_string\"}}],\"inLanguage\":\"de\"},{\"@type\":[\"Person\",\"Organization\"],\"@id\":\"https:\\\/\\\/dirwabaum.de\\\/wordpress\\\/#\\\/schema\\\/person\\\/3431c8e9678d7bd4ccd94b76cf14e59f\",\"name\":\"der chef\",\"image\":{\"@type\":\"ImageObject\",\"inLanguage\":\"de\",\"@id\":\"https:\\\/\\\/i2.wp.com\\\/dirwabaum.de\\\/wordpress\\\/wp-content\\\/uploads\\\/2020\\\/11\\\/Foto-02.10.11-08-54-32.jpg?fit=1936%2C1936&ssl=1\",\"url\":\"https:\\\/\\\/i2.wp.com\\\/dirwabaum.de\\\/wordpress\\\/wp-content\\\/uploads\\\/2020\\\/11\\\/Foto-02.10.11-08-54-32.jpg?fit=1936%2C1936&ssl=1\",\"contentUrl\":\"https:\\\/\\\/i2.wp.com\\\/dirwabaum.de\\\/wordpress\\\/wp-content\\\/uploads\\\/2020\\\/11\\\/Foto-02.10.11-08-54-32.jpg?fit=1936%2C1936&ssl=1\",\"width\":\"1936\",\"height\":\"1936\",\"caption\":\"der chef\"},\"logo\":{\"@id\":\"https:\\\/\\\/i2.wp.com\\\/dirwabaum.de\\\/wordpress\\\/wp-content\\\/uploads\\\/2020\\\/11\\\/Foto-02.10.11-08-54-32.jpg?fit=1936%2C1936&ssl=1\"},\"description\":\"Tue einfach so als w\u00fcsstest du was du tust!\",\"sameAs\":[\"https:\\\/\\\/x.com\\\/derbaum\"]}]}<\/script>\n<!-- \/ Yoast SEO plugin. -->","yoast_head_json":{"title":"2 mal f\u00fcrstenwalde &#8211; DerBaum","robots":{"index":"index","follow":"follow","max-snippet":"max-snippet:-1","max-image-preview":"max-image-preview:large","max-video-preview":"max-video-preview:-1"},"canonical":"https:\/\/dirwabaum.de\/wordpress\/2021\/05\/15\/2-mal-fuerstenwalde\/","og_locale":"de_DE","og_type":"article","og_title":"2 mal f\u00fcrstenwalde &#8211; DerBaum","og_description":"In anderen zeiten h\u00e4tte ich versucht oben im gebirge zu \u00fcbernachten &#8211; so bin ich die 50km eben 2x gefahren. gestern war eigentlich ein anderes ziel als f\u00fcrstenwalde der hauptpunkt: &nbsp; &nbsp; die geneigte leserschaft wird ihn erkennen &#8211; der tiefenbach wasserfall. so viel wasser hatte er selten oder noch nie wenn ich dort war. [&hellip;]","og_url":"https:\/\/dirwabaum.de\/wordpress\/2021\/05\/15\/2-mal-fuerstenwalde\/","og_site_name":"DerBaum","article_published_time":"2021-05-15T13:15:17+00:00","article_modified_time":"2021-08-15T11:28:12+00:00","og_image":[{"width":1000,"height":811,"url":"https:\/\/i2.wp.com\/dirwabaum.de\/wordpress\/wp-content\/uploads\/2021\/05\/kirche-fuerstenwalde-I.jpg?fit=1000%2C811&ssl=1","type":"image\/jpeg"}],"author":"der chef","twitter_misc":{"Verfasst von":"der chef","Gesch\u00e4tzte Lesezeit":"4\u00a0Minuten"},"schema":{"@context":"https:\/\/schema.org","@graph":[{"@type":"Article","@id":"https:\/\/dirwabaum.de\/wordpress\/2021\/05\/15\/2-mal-fuerstenwalde\/#article","isPartOf":{"@id":"https:\/\/dirwabaum.de\/wordpress\/2021\/05\/15\/2-mal-fuerstenwalde\/"},"author":{"name":"der chef","@id":"https:\/\/dirwabaum.de\/wordpress\/#\/schema\/person\/3431c8e9678d7bd4ccd94b76cf14e59f"},"headline":"2 mal f\u00fcrstenwalde","datePublished":"2021-05-15T13:15:17+00:00","dateModified":"2021-08-15T11:28:12+00:00","mainEntityOfPage":{"@id":"https:\/\/dirwabaum.de\/wordpress\/2021\/05\/15\/2-mal-fuerstenwalde\/"},"wordCount":403,"commentCount":5,"publisher":{"@id":"https:\/\/dirwabaum.de\/wordpress\/#\/schema\/person\/3431c8e9678d7bd4ccd94b76cf14e59f"},"image":{"@id":"https:\/\/dirwabaum.de\/wordpress\/2021\/05\/15\/2-mal-fuerstenwalde\/#primaryimage"},"thumbnailUrl":"https:\/\/dirwabaum.de\/wordpress\/wp-content\/uploads\/2021\/05\/kirche-fuerstenwalde-I.jpg","keywords":["2012","derbaum","mai","photographisches","unterwegsseiendes"],"articleSection":["dorfkirchen","unterwegsseiendes"],"inLanguage":"de","potentialAction":[{"@type":"CommentAction","name":"Comment","target":["https:\/\/dirwabaum.de\/wordpress\/2021\/05\/15\/2-mal-fuerstenwalde\/#respond"]}]},{"@type":"WebPage","@id":"https:\/\/dirwabaum.de\/wordpress\/2021\/05\/15\/2-mal-fuerstenwalde\/","url":"https:\/\/dirwabaum.de\/wordpress\/2021\/05\/15\/2-mal-fuerstenwalde\/","name":"2 mal f\u00fcrstenwalde &#8211; DerBaum","isPartOf":{"@id":"https:\/\/dirwabaum.de\/wordpress\/#website"},"primaryImageOfPage":{"@id":"https:\/\/dirwabaum.de\/wordpress\/2021\/05\/15\/2-mal-fuerstenwalde\/#primaryimage"},"image":{"@id":"https:\/\/dirwabaum.de\/wordpress\/2021\/05\/15\/2-mal-fuerstenwalde\/#primaryimage"},"thumbnailUrl":"https:\/\/dirwabaum.de\/wordpress\/wp-content\/uploads\/2021\/05\/kirche-fuerstenwalde-I.jpg","datePublished":"2021-05-15T13:15:17+00:00","dateModified":"2021-08-15T11:28:12+00:00","breadcrumb":{"@id":"https:\/\/dirwabaum.de\/wordpress\/2021\/05\/15\/2-mal-fuerstenwalde\/#breadcrumb"},"inLanguage":"de","potentialAction":[{"@type":"ReadAction","target":["https:\/\/dirwabaum.de\/wordpress\/2021\/05\/15\/2-mal-fuerstenwalde\/"]}]},{"@type":"ImageObject","inLanguage":"de","@id":"https:\/\/dirwabaum.de\/wordpress\/2021\/05\/15\/2-mal-fuerstenwalde\/#primaryimage","url":"https:\/\/dirwabaum.de\/wordpress\/wp-content\/uploads\/2021\/05\/kirche-fuerstenwalde-I.jpg","contentUrl":"https:\/\/dirwabaum.de\/wordpress\/wp-content\/uploads\/2021\/05\/kirche-fuerstenwalde-I.jpg","width":"1000","height":"811"},{"@type":"BreadcrumbList","@id":"https:\/\/dirwabaum.de\/wordpress\/2021\/05\/15\/2-mal-fuerstenwalde\/#breadcrumb","itemListElement":[{"@type":"ListItem","position":1,"name":"Home","item":"https:\/\/dirwabaum.de\/wordpress\/"},{"@type":"ListItem","position":2,"name":"2 mal f\u00fcrstenwalde"}]},{"@type":"WebSite","@id":"https:\/\/dirwabaum.de\/wordpress\/#website","url":"https:\/\/dirwabaum.de\/wordpress\/","name":"DerBaum","description":"...schreibt oder auch nicht","publisher":{"@id":"https:\/\/dirwabaum.de\/wordpress\/#\/schema\/person\/3431c8e9678d7bd4ccd94b76cf14e59f"},"potentialAction":[{"@type":"SearchAction","target":{"@type":"EntryPoint","urlTemplate":"https:\/\/dirwabaum.de\/wordpress\/?s={search_term_string}"},"query-input":{"@type":"PropertyValueSpecification","valueRequired":true,"valueName":"search_term_string"}}],"inLanguage":"de"},{"@type":["Person","Organization"],"@id":"https:\/\/dirwabaum.de\/wordpress\/#\/schema\/person\/3431c8e9678d7bd4ccd94b76cf14e59f","name":"der chef","image":{"@type":"ImageObject","inLanguage":"de","@id":"https:\/\/i2.wp.com\/dirwabaum.de\/wordpress\/wp-content\/uploads\/2020\/11\/Foto-02.10.11-08-54-32.jpg?fit=1936%2C1936&ssl=1","url":"https:\/\/i2.wp.com\/dirwabaum.de\/wordpress\/wp-content\/uploads\/2020\/11\/Foto-02.10.11-08-54-32.jpg?fit=1936%2C1936&ssl=1","contentUrl":"https:\/\/i2.wp.com\/dirwabaum.de\/wordpress\/wp-content\/uploads\/2020\/11\/Foto-02.10.11-08-54-32.jpg?fit=1936%2C1936&ssl=1","width":"1936","height":"1936","caption":"der chef"},"logo":{"@id":"https:\/\/i2.wp.com\/dirwabaum.de\/wordpress\/wp-content\/uploads\/2020\/11\/Foto-02.10.11-08-54-32.jpg?fit=1936%2C1936&ssl=1"},"description":"Tue einfach so als w\u00fcsstest du was du tust!","sameAs":["https:\/\/x.com\/derbaum"]}]}},"jetpack_publicize_connections":[],"jetpack_featured_media_url":"https:\/\/dirwabaum.de\/wordpress\/wp-content\/uploads\/2021\/05\/kirche-fuerstenwalde-I.jpg","jetpack_shortlink":"https:\/\/wp.me\/pIjRS-6X2","jetpack_sharing_enabled":true,"_links":{"self":[{"href":"https:\/\/dirwabaum.de\/wordpress\/wp-json\/wp\/v2\/posts\/26724","targetHints":{"allow":["GET"]}}],"collection":[{"href":"https:\/\/dirwabaum.de\/wordpress\/wp-json\/wp\/v2\/posts"}],"about":[{"href":"https:\/\/dirwabaum.de\/wordpress\/wp-json\/wp\/v2\/types\/post"}],"author":[{"embeddable":true,"href":"https:\/\/dirwabaum.de\/wordpress\/wp-json\/wp\/v2\/users\/3"}],"replies":[{"embeddable":true,"href":"https:\/\/dirwabaum.de\/wordpress\/wp-json\/wp\/v2\/comments?post=26724"}],"version-history":[{"count":5,"href":"https:\/\/dirwabaum.de\/wordpress\/wp-json\/wp\/v2\/posts\/26724\/revisions"}],"predecessor-version":[{"id":27815,"href":"https:\/\/dirwabaum.de\/wordpress\/wp-json\/wp\/v2\/posts\/26724\/revisions\/27815"}],"wp:featuredmedia":[{"embeddable":true,"href":"https:\/\/dirwabaum.de\/wordpress\/wp-json\/wp\/v2\/media\/26729"}],"wp:attachment":[{"href":"https:\/\/dirwabaum.de\/wordpress\/wp-json\/wp\/v2\/media?parent=26724"}],"wp:term":[{"taxonomy":"category","embeddable":true,"href":"https:\/\/dirwabaum.de\/wordpress\/wp-json\/wp\/v2\/categories?post=26724"},{"taxonomy":"post_tag","embeddable":true,"href":"https:\/\/dirwabaum.de\/wordpress\/wp-json\/wp\/v2\/tags?post=26724"}],"curies":[{"name":"wp","href":"https:\/\/api.w.org\/{rel}","templated":true}]}}