{"id":36243,"date":"2023-09-08T08:51:06","date_gmt":"2023-09-08T06:51:06","guid":{"rendered":"https:\/\/dirwabaum.de\/wordpress\/?p=36243"},"modified":"2023-09-08T09:50:53","modified_gmt":"2023-09-08T07:50:53","slug":"wie-alles-begann","status":"publish","type":"post","link":"https:\/\/dirwabaum.de\/wordpress\/2023\/09\/08\/wie-alles-begann\/","title":{"rendered":"wie alles begann&#8230;"},"content":{"rendered":"<div class='__iawmlf-post-loop-links' style='display:none;' data-iawmlf-post-links='[{&quot;id&quot;:219,&quot;href&quot;:&quot;https:\\\/\\\/goo.gl\\\/maps\\\/jGVnU1tvhwLNvu128&quot;,&quot;archived_href&quot;:&quot;&quot;,&quot;redirect_href&quot;:&quot;https:\\\/\\\/www.google.com\\\/maps\\\/contrib\\\/107209885272827395684\\\/photos\\\/@51.158122,14.9902171,17z\\\/data=!3m1!4b1!4m3!8m2!3m1!1e1?hl=de&amp;entry=tts&amp;shorturl=1&quot;,&quot;checks&quot;:[],&quot;broken&quot;:false,&quot;last_checked&quot;:null,&quot;process&quot;:&quot;done&quot;}]'><\/div>\n<p class=\"has-text-align-center wp-block-paragraph\">der geneigte leser weiss &#8211; seit ca. 4 jahren besch\u00e4ftige ich mich ganz intensiv mit stein-\/s\u00fchne- mordkreuzen und verschiedenen anderen steindenkmalen. sie kennen die <a href=\"https:\/\/dirwabaum.de\/wordpress\/suehnekreuze\/\" target=\"_blank\" rel=\"noreferrer noopener\">#s\u00fchnekreuze<\/a>. begonnen hat alles allerdings ganz viel fr\u00fcher. mit diesem stein:<br><br><\/p>\n\n\n<div class=\"wp-block-image\">\n<figure class=\"aligncenter size-full\"><a href=\"https:\/\/dirwabaum.de\/wordpress\/wp-content\/uploads\/2023\/09\/goerlitz-5.jpg\"><img loading=\"lazy\" decoding=\"async\" width=\"1000\" height=\"1000\" data-attachment-id=\"36231\" data-permalink=\"https:\/\/dirwabaum.de\/wordpress\/goerlitz-5\/\" data-orig-file=\"https:\/\/dirwabaum.de\/wordpress\/wp-content\/uploads\/2023\/09\/goerlitz-5.jpg\" data-orig-size=\"1000,1000\" data-comments-opened=\"1\" data-image-meta=\"{&quot;aperture&quot;:&quot;1.8&quot;,&quot;credit&quot;:&quot;&quot;,&quot;camera&quot;:&quot;iPhone 14 Pro&quot;,&quot;caption&quot;:&quot;&quot;,&quot;created_timestamp&quot;:&quot;1694085008&quot;,&quot;copyright&quot;:&quot;\\u00a9 derbaum&quot;,&quot;focal_length&quot;:&quot;6.86&quot;,&quot;iso&quot;:&quot;80&quot;,&quot;shutter_speed&quot;:&quot;0.00027777777777778&quot;,&quot;title&quot;:&quot;&quot;,&quot;orientation&quot;:&quot;0&quot;}\" data-image-title=\"go\u0308rlitz-5\" data-image-description=\"\" data-image-caption=\"\" data-large-file=\"https:\/\/dirwabaum.de\/wordpress\/wp-content\/uploads\/2023\/09\/goerlitz-5.jpg\" src=\"https:\/\/dirwabaum.de\/wordpress\/wp-content\/uploads\/2023\/09\/goerlitz-5.jpg\" alt=\"\" class=\"wp-image-36231\" srcset=\"https:\/\/dirwabaum.de\/wordpress\/wp-content\/uploads\/2023\/09\/goerlitz-5.jpg 1000w, https:\/\/dirwabaum.de\/wordpress\/wp-content\/uploads\/2023\/09\/goerlitz-5-300x300.jpg 300w, https:\/\/dirwabaum.de\/wordpress\/wp-content\/uploads\/2023\/09\/goerlitz-5-150x150.jpg 150w, https:\/\/dirwabaum.de\/wordpress\/wp-content\/uploads\/2023\/09\/goerlitz-5-768x768.jpg 768w\" sizes=\"auto, (max-width: 1000px) 100vw, 1000px\" \/><\/a><\/figure>\n<\/div>\n\n\n<p class=\"has-text-align-center wp-block-paragraph\"><br>zu finden ist er <a href=\"https:\/\/goo.gl\/maps\/jGVnU1tvhwLNvu128\" target=\"_blank\" rel=\"noreferrer noopener\">hier<\/a> &#8211; unmittelbar an der peterskirche in g\u00f6rlitz. jedesmal wenn ich als kind in g\u00f6rlitz war &#8211; und ich war oft dort &#8211; haben wir ihn ge-\/besucht.  die geschichte dahinter ist eine gar grauslige:<\/p>\n\n\n\n<p class=\"wp-block-paragraph\"><\/p>\n\n\n\n<p class=\"has-text-align-center wp-block-paragraph\">&#8222;<em>Im Jahre&nbsp;1776&nbsp;sollte die&nbsp;Peterskirche&nbsp;in G\u00f6rlitz ein neues Dach bekommen, dieses sollte mit Kupferplatten gedeckt werden. Franz Hesse, ein Dachdeckergeselle war mit seinem Meister und einem \u00e4lteren Gesellen auf dem Dach, um diesen Auftrag zu erledigen. Es war ein warmer, sonniger Tag und Franz schwitzte sehr. Er lie\u00df den Blick immer wieder \u00fcber die Stadt schweifen und lie\u00df ihn auf dem Haus seiner Geliebten Hildegard ruhen. Was er dort sah erz\u00fcrnte ihn, denn wieder einmal stand Hans, sein Nebenbuhler vor Hildegards Haus. In seiner Wut bemerkte er aber nicht seine Unachtsamkeit, denn er hatte sich bereits zu weit \u00fcber den Sims des Kirchendaches gelehnt. Dies sollte er jedoch mit seinem Leben bezahlen, denn im n\u00e4chsten Moment rutschte er \u00fcber den Sims und konnte gerade im letzten Moment seine Zimmermannsaxt ergreifen und diese in einen Holzbalken des Daches sto\u00dfen.<br>Den Menschen auf der Stra\u00dfe entging dieses ungl\u00fcckliche Missgeschick nicht und sie brachten alles heran, was ihnen geeignet schien, Franz&#8216; Aufprall auf den Boden abzufedern. So brachten sie Matratzen, Strohs\u00e4cke, Kissen und vieles mehr. Auch Hildegard war zur Kirche geeilt, da sie von ihrem Geliebten geh\u00f6rt hatte.<\/em><\/p>\n\n\n\n<p class=\"has-text-align-center wp-block-paragraph\"><em>Als Franz dann jedoch mit seinen feuchten H\u00e4nden von dem Stiel der Axt rutschte und auf den Erdboden zuraste, sah er Hildegard und es war das letzte Gesicht, was er jemals sah.<\/em><\/p>\n\n\n\n<p class=\"has-text-align-center wp-block-paragraph\">Noch heute erinnert ein Kreuz, das in das Kopfsteinpflaster an der Ostseite der Kirche verlegt wurde, an Franz&#8216; Missgeschick, welches er mit dem Leben bezahlen musste.&#8220;<br><br>das ist sein bildnis oben an der kirche<br><br><\/p>\n\n\n<div class=\"wp-block-image\">\n<figure class=\"aligncenter size-full\"><a href=\"https:\/\/dirwabaum.de\/wordpress\/wp-content\/uploads\/2023\/09\/goerlitz-8.jpg\"><img loading=\"lazy\" decoding=\"async\" width=\"563\" height=\"1000\" data-attachment-id=\"36245\" data-permalink=\"https:\/\/dirwabaum.de\/wordpress\/goerlitz-8\/\" data-orig-file=\"https:\/\/dirwabaum.de\/wordpress\/wp-content\/uploads\/2023\/09\/goerlitz-8.jpg\" data-orig-size=\"563,1000\" data-comments-opened=\"1\" data-image-meta=\"{&quot;aperture&quot;:&quot;1.8&quot;,&quot;credit&quot;:&quot;&quot;,&quot;camera&quot;:&quot;iPhone 14 Pro&quot;,&quot;caption&quot;:&quot;&quot;,&quot;created_timestamp&quot;:&quot;1694085119&quot;,&quot;copyright&quot;:&quot;\\u00a9 derbaum&quot;,&quot;focal_length&quot;:&quot;6.86&quot;,&quot;iso&quot;:&quot;64&quot;,&quot;shutter_speed&quot;:&quot;0.00043478260869565&quot;,&quot;title&quot;:&quot;&quot;,&quot;orientation&quot;:&quot;0&quot;}\" data-image-title=\"go\u0308rlitz-8\" data-image-description=\"\" data-image-caption=\"\" data-large-file=\"https:\/\/dirwabaum.de\/wordpress\/wp-content\/uploads\/2023\/09\/goerlitz-8.jpg\" src=\"https:\/\/dirwabaum.de\/wordpress\/wp-content\/uploads\/2023\/09\/goerlitz-8.jpg\" alt=\"\" class=\"wp-image-36245\" srcset=\"https:\/\/dirwabaum.de\/wordpress\/wp-content\/uploads\/2023\/09\/goerlitz-8.jpg 563w, https:\/\/dirwabaum.de\/wordpress\/wp-content\/uploads\/2023\/09\/goerlitz-8-169x300.jpg 169w, https:\/\/dirwabaum.de\/wordpress\/wp-content\/uploads\/2023\/09\/goerlitz-8-84x150.jpg 84w\" sizes=\"auto, (max-width: 563px) 100vw, 563px\" \/><\/a><figcaption class=\"wp-element-caption\"><a href=\"https:\/\/dirwabaum.de\/wordpress\/wp-content\/uploads\/2023\/09\/goerlitz-7.jpg\" target=\"_blank\" rel=\"noreferrer noopener\">klickklack<\/a> f\u00fcr ein detailphoto<\/figcaption><\/figure>\n<\/div>\n\n\n<p class=\"has-text-align-center wp-block-paragraph\"><br>soweit die geschichte wie ich sie bis gestern kannte. als ich nun den stein des <s>anstosses<\/s> absturzes am knipsen war kam ein netter, \u00e4lterer herr dazu und erkl\u00e4rte mir das dies der falsche stein sei! jener w\u00e4re der richtige:<br><br><\/p>\n\n\n<div class=\"wp-block-image\">\n<figure class=\"aligncenter size-full\"><a href=\"https:\/\/dirwabaum.de\/wordpress\/wp-content\/uploads\/2023\/09\/goerlitz-6.jpg\"><img loading=\"lazy\" decoding=\"async\" width=\"722\" height=\"1000\" data-attachment-id=\"36232\" data-permalink=\"https:\/\/dirwabaum.de\/wordpress\/goerlitz-6\/\" data-orig-file=\"https:\/\/dirwabaum.de\/wordpress\/wp-content\/uploads\/2023\/09\/goerlitz-6.jpg\" data-orig-size=\"722,1000\" data-comments-opened=\"1\" data-image-meta=\"{&quot;aperture&quot;:&quot;1.8&quot;,&quot;credit&quot;:&quot;&quot;,&quot;camera&quot;:&quot;iPhone 14 Pro&quot;,&quot;caption&quot;:&quot;&quot;,&quot;created_timestamp&quot;:&quot;1694085054&quot;,&quot;copyright&quot;:&quot;\\u00a9 derbaum&quot;,&quot;focal_length&quot;:&quot;6.86&quot;,&quot;iso&quot;:&quot;80&quot;,&quot;shutter_speed&quot;:&quot;0.00033333333333333&quot;,&quot;title&quot;:&quot;&quot;,&quot;orientation&quot;:&quot;0&quot;}\" data-image-title=\"go\u0308rlitz-6\" data-image-description=\"\" data-image-caption=\"\" data-large-file=\"https:\/\/dirwabaum.de\/wordpress\/wp-content\/uploads\/2023\/09\/goerlitz-6.jpg\" src=\"https:\/\/dirwabaum.de\/wordpress\/wp-content\/uploads\/2023\/09\/goerlitz-6.jpg\" alt=\"\" class=\"wp-image-36232\" srcset=\"https:\/\/dirwabaum.de\/wordpress\/wp-content\/uploads\/2023\/09\/goerlitz-6.jpg 722w, https:\/\/dirwabaum.de\/wordpress\/wp-content\/uploads\/2023\/09\/goerlitz-6-217x300.jpg 217w, https:\/\/dirwabaum.de\/wordpress\/wp-content\/uploads\/2023\/09\/goerlitz-6-108x150.jpg 108w\" sizes=\"auto, (max-width: 722px) 100vw, 722px\" \/><\/a><\/figure>\n<\/div>\n\n\n<p class=\"has-text-align-center wp-block-paragraph\"><br>jenes kreuz aus den 3 zusammengesetzten sandsteinen. beton &#8211; aus welchem der erstgenannte best\u00fcnde &#8211; h\u00e4tte es zu entstehungszeit in dieser form noch nicht gegeben. ich habe dann gestern sofort alle verf\u00fcgbare literatur bem\u00fcht und auch diese (die herren m\u00fcller und quietzsch, als die profis der ddr f\u00fcr steinkreuze, seien besonders erw\u00e4hnt) verweist auf den ersten stein. ich lasse das mal so stehen. vielleicht finde ich ja noch zeitzeugen \ud83d\ude09<br><br><\/p>\n\n\n\n<p class=\"has-text-align-center wp-block-paragraph\"><br>***<br><\/p>\n\n\n\n<p class=\"has-text-align-center wp-block-paragraph\"> <\/p>\n","protected":false},"excerpt":{"rendered":"<p>der geneigte leser weiss &#8211; seit ca. 4 jahren besch\u00e4ftige ich mich ganz intensiv mit stein-\/s\u00fchne- mordkreuzen und verschiedenen anderen steindenkmalen. sie kennen die #s\u00fchnekreuze. begonnen hat alles allerdings ganz viel fr\u00fcher. mit diesem stein: zu finden ist er hier &#8211; unmittelbar an der peterskirche in g\u00f6rlitz. jedesmal wenn ich als kind in g\u00f6rlitz war [&hellip;]<\/p>\n","protected":false},"author":3,"featured_media":36232,"comment_status":"open","ping_status":"open","sticky":false,"template":"","format":"standard","meta":{"_crdt_document":"","jetpack_post_was_ever_published":false,"_jetpack_newsletter_access":"","_jetpack_dont_email_post_to_subs":false,"_jetpack_newsletter_tier_id":0,"_jetpack_memberships_contains_paywalled_content":false,"_jetpack_memberships_contains_paid_content":false,"activitypub_content_warning":"","activitypub_content_visibility":"","activitypub_max_image_attachments":3,"activitypub_interaction_policy_quote":"anyone","activitypub_status":"","footnotes":"","jetpack_publicize_message":"","jetpack_publicize_feature_enabled":true,"jetpack_social_post_already_shared":true,"jetpack_social_options":{"image_generator_settings":{"template":"highway","default_image_id":0,"font":"","enabled":false},"version":2}},"categories":[414],"tags":[415,235,750],"class_list":["post-36243","post","type-post","status-publish","format-standard","has-post-thumbnail","hentry","category-suehnekreuze","tag-suehnekreuze","tag-derbaum","tag-goerlitz"],"yoast_head":"<!-- This site is optimized with the Yoast SEO plugin v27.4 - https:\/\/yoast.com\/product\/yoast-seo-wordpress\/ -->\n<title>wie alles begann... &#8211; DerBaum<\/title>\n<meta name=\"robots\" content=\"index, follow, max-snippet:-1, max-image-preview:large, max-video-preview:-1\" \/>\n<link rel=\"canonical\" href=\"https:\/\/dirwabaum.de\/wordpress\/2023\/09\/08\/wie-alles-begann\/\" \/>\n<meta property=\"og:locale\" content=\"de_DE\" \/>\n<meta property=\"og:type\" content=\"article\" \/>\n<meta property=\"og:title\" content=\"wie alles begann... &#8211; DerBaum\" \/>\n<meta property=\"og:description\" content=\"der geneigte leser weiss &#8211; seit ca. 4 jahren besch\u00e4ftige ich mich ganz intensiv mit stein-\/s\u00fchne- mordkreuzen und verschiedenen anderen steindenkmalen. sie kennen die #s\u00fchnekreuze. begonnen hat alles allerdings ganz viel fr\u00fcher. mit diesem stein: zu finden ist er hier &#8211; unmittelbar an der peterskirche in g\u00f6rlitz. jedesmal wenn ich als kind in g\u00f6rlitz war [&hellip;]\" \/>\n<meta property=\"og:url\" content=\"https:\/\/dirwabaum.de\/wordpress\/2023\/09\/08\/wie-alles-begann\/\" \/>\n<meta property=\"og:site_name\" content=\"DerBaum\" \/>\n<meta property=\"article:published_time\" content=\"2023-09-08T06:51:06+00:00\" \/>\n<meta property=\"article:modified_time\" content=\"2023-09-08T07:50:53+00:00\" \/>\n<meta property=\"og:image\" content=\"https:\/\/dirwabaum.de\/wordpress\/wp-content\/uploads\/2023\/09\/goerlitz-6.jpg\" \/>\n\t<meta property=\"og:image:width\" content=\"722\" \/>\n\t<meta property=\"og:image:height\" content=\"1000\" \/>\n\t<meta property=\"og:image:type\" content=\"image\/jpeg\" \/>\n<meta name=\"author\" content=\"der chef\" \/>\n<meta name=\"twitter:label1\" content=\"Verfasst von\" \/>\n\t<meta name=\"twitter:data1\" content=\"der chef\" \/>\n\t<meta name=\"twitter:label2\" content=\"Gesch\u00e4tzte Lesezeit\" \/>\n\t<meta name=\"twitter:data2\" content=\"4\u00a0Minuten\" \/>\n<script type=\"application\/ld+json\" class=\"yoast-schema-graph\">{\"@context\":\"https:\\\/\\\/schema.org\",\"@graph\":[{\"@type\":\"Article\",\"@id\":\"https:\\\/\\\/dirwabaum.de\\\/wordpress\\\/2023\\\/09\\\/08\\\/wie-alles-begann\\\/#article\",\"isPartOf\":{\"@id\":\"https:\\\/\\\/dirwabaum.de\\\/wordpress\\\/2023\\\/09\\\/08\\\/wie-alles-begann\\\/\"},\"author\":{\"name\":\"der chef\",\"@id\":\"https:\\\/\\\/dirwabaum.de\\\/wordpress\\\/#\\\/schema\\\/person\\\/3431c8e9678d7bd4ccd94b76cf14e59f\"},\"headline\":\"wie alles begann&#8230;\",\"datePublished\":\"2023-09-08T06:51:06+00:00\",\"dateModified\":\"2023-09-08T07:50:53+00:00\",\"mainEntityOfPage\":{\"@id\":\"https:\\\/\\\/dirwabaum.de\\\/wordpress\\\/2023\\\/09\\\/08\\\/wie-alles-begann\\\/\"},\"wordCount\":470,\"commentCount\":4,\"publisher\":{\"@id\":\"https:\\\/\\\/dirwabaum.de\\\/wordpress\\\/#\\\/schema\\\/person\\\/3431c8e9678d7bd4ccd94b76cf14e59f\"},\"image\":{\"@id\":\"https:\\\/\\\/dirwabaum.de\\\/wordpress\\\/2023\\\/09\\\/08\\\/wie-alles-begann\\\/#primaryimage\"},\"thumbnailUrl\":\"https:\\\/\\\/dirwabaum.de\\\/wordpress\\\/wp-content\\\/uploads\\\/2023\\\/09\\\/goerlitz-6.jpg\",\"keywords\":[\"#s\u00fchnekreuze\",\"derbaum\",\"g\u00f6rlitz\"],\"articleSection\":[\"#s\u00fchnekreuze\"],\"inLanguage\":\"de\",\"potentialAction\":[{\"@type\":\"CommentAction\",\"name\":\"Comment\",\"target\":[\"https:\\\/\\\/dirwabaum.de\\\/wordpress\\\/2023\\\/09\\\/08\\\/wie-alles-begann\\\/#respond\"]}]},{\"@type\":\"WebPage\",\"@id\":\"https:\\\/\\\/dirwabaum.de\\\/wordpress\\\/2023\\\/09\\\/08\\\/wie-alles-begann\\\/\",\"url\":\"https:\\\/\\\/dirwabaum.de\\\/wordpress\\\/2023\\\/09\\\/08\\\/wie-alles-begann\\\/\",\"name\":\"wie alles begann... &#8211; DerBaum\",\"isPartOf\":{\"@id\":\"https:\\\/\\\/dirwabaum.de\\\/wordpress\\\/#website\"},\"primaryImageOfPage\":{\"@id\":\"https:\\\/\\\/dirwabaum.de\\\/wordpress\\\/2023\\\/09\\\/08\\\/wie-alles-begann\\\/#primaryimage\"},\"image\":{\"@id\":\"https:\\\/\\\/dirwabaum.de\\\/wordpress\\\/2023\\\/09\\\/08\\\/wie-alles-begann\\\/#primaryimage\"},\"thumbnailUrl\":\"https:\\\/\\\/dirwabaum.de\\\/wordpress\\\/wp-content\\\/uploads\\\/2023\\\/09\\\/goerlitz-6.jpg\",\"datePublished\":\"2023-09-08T06:51:06+00:00\",\"dateModified\":\"2023-09-08T07:50:53+00:00\",\"breadcrumb\":{\"@id\":\"https:\\\/\\\/dirwabaum.de\\\/wordpress\\\/2023\\\/09\\\/08\\\/wie-alles-begann\\\/#breadcrumb\"},\"inLanguage\":\"de\",\"potentialAction\":[{\"@type\":\"ReadAction\",\"target\":[\"https:\\\/\\\/dirwabaum.de\\\/wordpress\\\/2023\\\/09\\\/08\\\/wie-alles-begann\\\/\"]}]},{\"@type\":\"ImageObject\",\"inLanguage\":\"de\",\"@id\":\"https:\\\/\\\/dirwabaum.de\\\/wordpress\\\/2023\\\/09\\\/08\\\/wie-alles-begann\\\/#primaryimage\",\"url\":\"https:\\\/\\\/dirwabaum.de\\\/wordpress\\\/wp-content\\\/uploads\\\/2023\\\/09\\\/goerlitz-6.jpg\",\"contentUrl\":\"https:\\\/\\\/dirwabaum.de\\\/wordpress\\\/wp-content\\\/uploads\\\/2023\\\/09\\\/goerlitz-6.jpg\",\"width\":722,\"height\":1000},{\"@type\":\"BreadcrumbList\",\"@id\":\"https:\\\/\\\/dirwabaum.de\\\/wordpress\\\/2023\\\/09\\\/08\\\/wie-alles-begann\\\/#breadcrumb\",\"itemListElement\":[{\"@type\":\"ListItem\",\"position\":1,\"name\":\"Home\",\"item\":\"https:\\\/\\\/dirwabaum.de\\\/wordpress\\\/\"},{\"@type\":\"ListItem\",\"position\":2,\"name\":\"wie alles begann&#8230;\"}]},{\"@type\":\"WebSite\",\"@id\":\"https:\\\/\\\/dirwabaum.de\\\/wordpress\\\/#website\",\"url\":\"https:\\\/\\\/dirwabaum.de\\\/wordpress\\\/\",\"name\":\"DerBaum\",\"description\":\"...schreibt oder auch nicht\",\"publisher\":{\"@id\":\"https:\\\/\\\/dirwabaum.de\\\/wordpress\\\/#\\\/schema\\\/person\\\/3431c8e9678d7bd4ccd94b76cf14e59f\"},\"potentialAction\":[{\"@type\":\"SearchAction\",\"target\":{\"@type\":\"EntryPoint\",\"urlTemplate\":\"https:\\\/\\\/dirwabaum.de\\\/wordpress\\\/?s={search_term_string}\"},\"query-input\":{\"@type\":\"PropertyValueSpecification\",\"valueRequired\":true,\"valueName\":\"search_term_string\"}}],\"inLanguage\":\"de\"},{\"@type\":[\"Person\",\"Organization\"],\"@id\":\"https:\\\/\\\/dirwabaum.de\\\/wordpress\\\/#\\\/schema\\\/person\\\/3431c8e9678d7bd4ccd94b76cf14e59f\",\"name\":\"der chef\",\"image\":{\"@type\":\"ImageObject\",\"inLanguage\":\"de\",\"@id\":\"https:\\\/\\\/i2.wp.com\\\/dirwabaum.de\\\/wordpress\\\/wp-content\\\/uploads\\\/2020\\\/11\\\/Foto-02.10.11-08-54-32.jpg?fit=1936%2C1936&ssl=1\",\"url\":\"https:\\\/\\\/i2.wp.com\\\/dirwabaum.de\\\/wordpress\\\/wp-content\\\/uploads\\\/2020\\\/11\\\/Foto-02.10.11-08-54-32.jpg?fit=1936%2C1936&ssl=1\",\"contentUrl\":\"https:\\\/\\\/i2.wp.com\\\/dirwabaum.de\\\/wordpress\\\/wp-content\\\/uploads\\\/2020\\\/11\\\/Foto-02.10.11-08-54-32.jpg?fit=1936%2C1936&ssl=1\",\"width\":\"1936\",\"height\":\"1936\",\"caption\":\"der chef\"},\"logo\":{\"@id\":\"https:\\\/\\\/i2.wp.com\\\/dirwabaum.de\\\/wordpress\\\/wp-content\\\/uploads\\\/2020\\\/11\\\/Foto-02.10.11-08-54-32.jpg?fit=1936%2C1936&ssl=1\"},\"description\":\"Tue einfach so als w\u00fcsstest du was du tust!\",\"sameAs\":[\"https:\\\/\\\/x.com\\\/derbaum\"]}]}<\/script>\n<!-- \/ Yoast SEO plugin. -->","yoast_head_json":{"title":"wie alles begann... &#8211; DerBaum","robots":{"index":"index","follow":"follow","max-snippet":"max-snippet:-1","max-image-preview":"max-image-preview:large","max-video-preview":"max-video-preview:-1"},"canonical":"https:\/\/dirwabaum.de\/wordpress\/2023\/09\/08\/wie-alles-begann\/","og_locale":"de_DE","og_type":"article","og_title":"wie alles begann... &#8211; DerBaum","og_description":"der geneigte leser weiss &#8211; seit ca. 4 jahren besch\u00e4ftige ich mich ganz intensiv mit stein-\/s\u00fchne- mordkreuzen und verschiedenen anderen steindenkmalen. sie kennen die #s\u00fchnekreuze. begonnen hat alles allerdings ganz viel fr\u00fcher. mit diesem stein: zu finden ist er hier &#8211; unmittelbar an der peterskirche in g\u00f6rlitz. jedesmal wenn ich als kind in g\u00f6rlitz war [&hellip;]","og_url":"https:\/\/dirwabaum.de\/wordpress\/2023\/09\/08\/wie-alles-begann\/","og_site_name":"DerBaum","article_published_time":"2023-09-08T06:51:06+00:00","article_modified_time":"2023-09-08T07:50:53+00:00","og_image":[{"width":722,"height":1000,"url":"https:\/\/dirwabaum.de\/wordpress\/wp-content\/uploads\/2023\/09\/goerlitz-6.jpg","type":"image\/jpeg"}],"author":"der chef","twitter_misc":{"Verfasst von":"der chef","Gesch\u00e4tzte Lesezeit":"4\u00a0Minuten"},"schema":{"@context":"https:\/\/schema.org","@graph":[{"@type":"Article","@id":"https:\/\/dirwabaum.de\/wordpress\/2023\/09\/08\/wie-alles-begann\/#article","isPartOf":{"@id":"https:\/\/dirwabaum.de\/wordpress\/2023\/09\/08\/wie-alles-begann\/"},"author":{"name":"der chef","@id":"https:\/\/dirwabaum.de\/wordpress\/#\/schema\/person\/3431c8e9678d7bd4ccd94b76cf14e59f"},"headline":"wie alles begann&#8230;","datePublished":"2023-09-08T06:51:06+00:00","dateModified":"2023-09-08T07:50:53+00:00","mainEntityOfPage":{"@id":"https:\/\/dirwabaum.de\/wordpress\/2023\/09\/08\/wie-alles-begann\/"},"wordCount":470,"commentCount":4,"publisher":{"@id":"https:\/\/dirwabaum.de\/wordpress\/#\/schema\/person\/3431c8e9678d7bd4ccd94b76cf14e59f"},"image":{"@id":"https:\/\/dirwabaum.de\/wordpress\/2023\/09\/08\/wie-alles-begann\/#primaryimage"},"thumbnailUrl":"https:\/\/dirwabaum.de\/wordpress\/wp-content\/uploads\/2023\/09\/goerlitz-6.jpg","keywords":["#s\u00fchnekreuze","derbaum","g\u00f6rlitz"],"articleSection":["#s\u00fchnekreuze"],"inLanguage":"de","potentialAction":[{"@type":"CommentAction","name":"Comment","target":["https:\/\/dirwabaum.de\/wordpress\/2023\/09\/08\/wie-alles-begann\/#respond"]}]},{"@type":"WebPage","@id":"https:\/\/dirwabaum.de\/wordpress\/2023\/09\/08\/wie-alles-begann\/","url":"https:\/\/dirwabaum.de\/wordpress\/2023\/09\/08\/wie-alles-begann\/","name":"wie alles begann... &#8211; DerBaum","isPartOf":{"@id":"https:\/\/dirwabaum.de\/wordpress\/#website"},"primaryImageOfPage":{"@id":"https:\/\/dirwabaum.de\/wordpress\/2023\/09\/08\/wie-alles-begann\/#primaryimage"},"image":{"@id":"https:\/\/dirwabaum.de\/wordpress\/2023\/09\/08\/wie-alles-begann\/#primaryimage"},"thumbnailUrl":"https:\/\/dirwabaum.de\/wordpress\/wp-content\/uploads\/2023\/09\/goerlitz-6.jpg","datePublished":"2023-09-08T06:51:06+00:00","dateModified":"2023-09-08T07:50:53+00:00","breadcrumb":{"@id":"https:\/\/dirwabaum.de\/wordpress\/2023\/09\/08\/wie-alles-begann\/#breadcrumb"},"inLanguage":"de","potentialAction":[{"@type":"ReadAction","target":["https:\/\/dirwabaum.de\/wordpress\/2023\/09\/08\/wie-alles-begann\/"]}]},{"@type":"ImageObject","inLanguage":"de","@id":"https:\/\/dirwabaum.de\/wordpress\/2023\/09\/08\/wie-alles-begann\/#primaryimage","url":"https:\/\/dirwabaum.de\/wordpress\/wp-content\/uploads\/2023\/09\/goerlitz-6.jpg","contentUrl":"https:\/\/dirwabaum.de\/wordpress\/wp-content\/uploads\/2023\/09\/goerlitz-6.jpg","width":722,"height":1000},{"@type":"BreadcrumbList","@id":"https:\/\/dirwabaum.de\/wordpress\/2023\/09\/08\/wie-alles-begann\/#breadcrumb","itemListElement":[{"@type":"ListItem","position":1,"name":"Home","item":"https:\/\/dirwabaum.de\/wordpress\/"},{"@type":"ListItem","position":2,"name":"wie alles begann&#8230;"}]},{"@type":"WebSite","@id":"https:\/\/dirwabaum.de\/wordpress\/#website","url":"https:\/\/dirwabaum.de\/wordpress\/","name":"DerBaum","description":"...schreibt oder auch nicht","publisher":{"@id":"https:\/\/dirwabaum.de\/wordpress\/#\/schema\/person\/3431c8e9678d7bd4ccd94b76cf14e59f"},"potentialAction":[{"@type":"SearchAction","target":{"@type":"EntryPoint","urlTemplate":"https:\/\/dirwabaum.de\/wordpress\/?s={search_term_string}"},"query-input":{"@type":"PropertyValueSpecification","valueRequired":true,"valueName":"search_term_string"}}],"inLanguage":"de"},{"@type":["Person","Organization"],"@id":"https:\/\/dirwabaum.de\/wordpress\/#\/schema\/person\/3431c8e9678d7bd4ccd94b76cf14e59f","name":"der chef","image":{"@type":"ImageObject","inLanguage":"de","@id":"https:\/\/i2.wp.com\/dirwabaum.de\/wordpress\/wp-content\/uploads\/2020\/11\/Foto-02.10.11-08-54-32.jpg?fit=1936%2C1936&ssl=1","url":"https:\/\/i2.wp.com\/dirwabaum.de\/wordpress\/wp-content\/uploads\/2020\/11\/Foto-02.10.11-08-54-32.jpg?fit=1936%2C1936&ssl=1","contentUrl":"https:\/\/i2.wp.com\/dirwabaum.de\/wordpress\/wp-content\/uploads\/2020\/11\/Foto-02.10.11-08-54-32.jpg?fit=1936%2C1936&ssl=1","width":"1936","height":"1936","caption":"der chef"},"logo":{"@id":"https:\/\/i2.wp.com\/dirwabaum.de\/wordpress\/wp-content\/uploads\/2020\/11\/Foto-02.10.11-08-54-32.jpg?fit=1936%2C1936&ssl=1"},"description":"Tue einfach so als w\u00fcsstest du was du tust!","sameAs":["https:\/\/x.com\/derbaum"]}]}},"jetpack_publicize_connections":[],"jetpack_featured_media_url":"https:\/\/dirwabaum.de\/wordpress\/wp-content\/uploads\/2023\/09\/goerlitz-6.jpg","jetpack_shortlink":"https:\/\/wp.me\/pIjRS-9qz","jetpack_sharing_enabled":true,"_links":{"self":[{"href":"https:\/\/dirwabaum.de\/wordpress\/wp-json\/wp\/v2\/posts\/36243","targetHints":{"allow":["GET"]}}],"collection":[{"href":"https:\/\/dirwabaum.de\/wordpress\/wp-json\/wp\/v2\/posts"}],"about":[{"href":"https:\/\/dirwabaum.de\/wordpress\/wp-json\/wp\/v2\/types\/post"}],"author":[{"embeddable":true,"href":"https:\/\/dirwabaum.de\/wordpress\/wp-json\/wp\/v2\/users\/3"}],"replies":[{"embeddable":true,"href":"https:\/\/dirwabaum.de\/wordpress\/wp-json\/wp\/v2\/comments?post=36243"}],"version-history":[{"count":5,"href":"https:\/\/dirwabaum.de\/wordpress\/wp-json\/wp\/v2\/posts\/36243\/revisions"}],"predecessor-version":[{"id":36260,"href":"https:\/\/dirwabaum.de\/wordpress\/wp-json\/wp\/v2\/posts\/36243\/revisions\/36260"}],"wp:featuredmedia":[{"embeddable":true,"href":"https:\/\/dirwabaum.de\/wordpress\/wp-json\/wp\/v2\/media\/36232"}],"wp:attachment":[{"href":"https:\/\/dirwabaum.de\/wordpress\/wp-json\/wp\/v2\/media?parent=36243"}],"wp:term":[{"taxonomy":"category","embeddable":true,"href":"https:\/\/dirwabaum.de\/wordpress\/wp-json\/wp\/v2\/categories?post=36243"},{"taxonomy":"post_tag","embeddable":true,"href":"https:\/\/dirwabaum.de\/wordpress\/wp-json\/wp\/v2\/tags?post=36243"}],"curies":[{"name":"wp","href":"https:\/\/api.w.org\/{rel}","templated":true}]}}