{"id":6170,"date":"2015-09-06T07:49:23","date_gmt":"2015-09-06T05:49:23","guid":{"rendered":"https:\/\/dirwabaum.de\/wordpress\/?p=6170"},"modified":"2015-09-07T16:37:07","modified_gmt":"2015-09-07T14:37:07","slug":"das-erste-wochenende","status":"publish","type":"post","link":"https:\/\/dirwabaum.de\/wordpress\/2015\/09\/06\/das-erste-wochenende\/","title":{"rendered":"das erste wochenende"},"content":{"rendered":"<div class='__iawmlf-post-loop-links' style='display:none;' data-iawmlf-post-links='[{&quot;id&quot;:2647,&quot;href&quot;:&quot;http:\\\/\\\/bit.ly\\\/1VITwRU&quot;,&quot;archived_href&quot;:&quot;&quot;,&quot;redirect_href&quot;:&quot;http:\\\/\\\/dirwabaum.de\\\/wordpress\\\/2014\\\/09\\\/07\\\/tueppelmarkt\\\/&quot;,&quot;checks&quot;:[],&quot;broken&quot;:false,&quot;last_checked&quot;:null,&quot;process&quot;:&quot;done&quot;},{&quot;id&quot;:2648,&quot;href&quot;:&quot;http:\\\/\\\/www.perrusse.com\\\/de&quot;,&quot;archived_href&quot;:&quot;http:\\\/\\\/web-wp.archive.org\\\/web\\\/20251117124226\\\/http:\\\/\\\/www.perrusse.com\\\/de\\\/&quot;,&quot;redirect_href&quot;:&quot;&quot;,&quot;checks&quot;:[{&quot;date&quot;:&quot;2026-02-10 10:21:10&quot;,&quot;http_code&quot;:404},{&quot;date&quot;:&quot;2026-04-19 11:54:08&quot;,&quot;http_code&quot;:404}],&quot;broken&quot;:false,&quot;last_checked&quot;:{&quot;date&quot;:&quot;2026-04-19 11:54:08&quot;,&quot;http_code&quot;:404},&quot;process&quot;:&quot;done&quot;},{&quot;id&quot;:2649,&quot;href&quot;:&quot;http:\\\/\\\/www.tag-des-kaffees.de\\\/tag-des-kaffees&quot;,&quot;archived_href&quot;:&quot;http:\\\/\\\/web-wp.archive.org\\\/web\\\/20200227072706\\\/https:\\\/\\\/www.tag-des-kaffees.de\\\/tag-des-kaffees&quot;,&quot;redirect_href&quot;:&quot;&quot;,&quot;checks&quot;:[{&quot;date&quot;:&quot;2026-02-10 10:21:15&quot;,&quot;http_code&quot;:503},{&quot;date&quot;:&quot;2026-04-06 15:56:07&quot;,&quot;http_code&quot;:503},{&quot;date&quot;:&quot;2026-04-19 11:54:19&quot;,&quot;http_code&quot;:200}],&quot;broken&quot;:false,&quot;last_checked&quot;:{&quot;date&quot;:&quot;2026-04-19 11:54:19&quot;,&quot;http_code&quot;:200},&quot;process&quot;:&quot;done&quot;},{&quot;id&quot;:2650,&quot;href&quot;:&quot;http:\\\/\\\/bit.ly\\\/1OmNmmj&quot;,&quot;archived_href&quot;:&quot;&quot;,&quot;redirect_href&quot;:&quot;http:\\\/\\\/dirwabaum.de\\\/wordpress\\\/2014\\\/09\\\/06\\\/tag-des-gaffees\\\/&quot;,&quot;checks&quot;:[],&quot;broken&quot;:false,&quot;last_checked&quot;:null,&quot;process&quot;:&quot;done&quot;}]'><\/div>\n<p>im september bedeutet? genau <a href=\"http:\/\/bit.ly\/1VITwRU\" target=\"_blank\">t\u00fcppelmarkt<\/a> (heisst offiziell t\u00f6pfermarkt am goldenen reiter. ist schon komisch das sie extra so ein gro\u00dfes reiterstandbild als maskottchen f\u00fcr diesen markt aufbauen \ud83d\ude09 )<\/p>\n<p><a href=\"https:\/\/dirwabaum.de\/wordpress\/wp-content\/uploads\/2015\/09\/IMG_3790.jpg\"><img loading=\"lazy\" decoding=\"async\" data-attachment-id=\"6172\" data-permalink=\"https:\/\/dirwabaum.de\/wordpress\/2015\/09\/06\/das-erste-wochenende\/img_3790\/\" data-orig-file=\"https:\/\/dirwabaum.de\/wordpress\/wp-content\/uploads\/2015\/09\/IMG_3790.jpg\" data-orig-size=\"640,640\" data-comments-opened=\"1\" data-image-meta=\"{&quot;aperture&quot;:&quot;2.2&quot;,&quot;credit&quot;:&quot;derbaum&quot;,&quot;camera&quot;:&quot;6X6 for iPhone&quot;,&quot;caption&quot;:&quot;&quot;,&quot;created_timestamp&quot;:&quot;1441451977&quot;,&quot;copyright&quot;:&quot;2015 derbaum . All Rights Reserved.&quot;,&quot;focal_length&quot;:&quot;4.15&quot;,&quot;iso&quot;:&quot;32&quot;,&quot;shutter_speed&quot;:&quot;0.0001009998990001&quot;,&quot;title&quot;:&quot;&quot;,&quot;orientation&quot;:&quot;0&quot;}\" data-image-title=\"IMG_3790\" data-image-description=\"\" data-image-caption=\"\" data-large-file=\"https:\/\/dirwabaum.de\/wordpress\/wp-content\/uploads\/2015\/09\/IMG_3790.jpg\" src=\"https:\/\/dirwabaum.de\/wordpress\/wp-content\/uploads\/2015\/09\/IMG_3790.jpg\" alt=\"IMG_3790\" width=\"640\" height=\"640\" class=\"aligncenter size-full wp-image-6172\" srcset=\"https:\/\/dirwabaum.de\/wordpress\/wp-content\/uploads\/2015\/09\/IMG_3790.jpg 640w, https:\/\/dirwabaum.de\/wordpress\/wp-content\/uploads\/2015\/09\/IMG_3790-150x150.jpg 150w, https:\/\/dirwabaum.de\/wordpress\/wp-content\/uploads\/2015\/09\/IMG_3790-300x300.jpg 300w, https:\/\/dirwabaum.de\/wordpress\/wp-content\/uploads\/2015\/09\/IMG_3790-144x144.jpg 144w\" sizes=\"auto, (max-width: 640px) 100vw, 640px\" \/><\/a><\/p>\n<p>leider ist es so das es immer mehr menschen werden &#8211; selbst wenn man schon sehr zeitig am beginn des marktes kommt. und dann  ist mir in diesem jahr aufgefallen das die preise unheimlich angezogen haben. ohne das ich genaue zahlen weiss hatte ich den eindruck &#8211; sogar sehr kr\u00e4ftig.<br \/>\naber ungeachtet dessen gab es f\u00fcr uns doch ein neues st\u00fcck &#8211; sehr geplant<\/p>\n<p><a href=\"https:\/\/dirwabaum.de\/wordpress\/wp-content\/uploads\/2015\/09\/IMG_3794.jpg\"><img loading=\"lazy\" decoding=\"async\" data-attachment-id=\"6175\" data-permalink=\"https:\/\/dirwabaum.de\/wordpress\/2015\/09\/06\/das-erste-wochenende\/img_3794\/\" data-orig-file=\"https:\/\/dirwabaum.de\/wordpress\/wp-content\/uploads\/2015\/09\/IMG_3794.jpg\" data-orig-size=\"640,640\" data-comments-opened=\"1\" data-image-meta=\"{&quot;aperture&quot;:&quot;2.2&quot;,&quot;credit&quot;:&quot;derbaum&quot;,&quot;camera&quot;:&quot;6X6 for iPhone&quot;,&quot;caption&quot;:&quot;&quot;,&quot;created_timestamp&quot;:&quot;1441464851&quot;,&quot;copyright&quot;:&quot;2015 derbaum . All Rights Reserved.&quot;,&quot;focal_length&quot;:&quot;4.15&quot;,&quot;iso&quot;:&quot;250&quot;,&quot;shutter_speed&quot;:&quot;0.041666666666667&quot;,&quot;title&quot;:&quot;&quot;,&quot;orientation&quot;:&quot;0&quot;}\" data-image-title=\"IMG_3794\" data-image-description=\"\" data-image-caption=\"\" data-large-file=\"https:\/\/dirwabaum.de\/wordpress\/wp-content\/uploads\/2015\/09\/IMG_3794.jpg\" src=\"https:\/\/dirwabaum.de\/wordpress\/wp-content\/uploads\/2015\/09\/IMG_3794.jpg\" alt=\"IMG_3794\" width=\"640\" height=\"640\" class=\"aligncenter size-full wp-image-6175\" srcset=\"https:\/\/dirwabaum.de\/wordpress\/wp-content\/uploads\/2015\/09\/IMG_3794.jpg 640w, https:\/\/dirwabaum.de\/wordpress\/wp-content\/uploads\/2015\/09\/IMG_3794-150x150.jpg 150w, https:\/\/dirwabaum.de\/wordpress\/wp-content\/uploads\/2015\/09\/IMG_3794-300x300.jpg 300w, https:\/\/dirwabaum.de\/wordpress\/wp-content\/uploads\/2015\/09\/IMG_3794-144x144.jpg 144w\" sizes=\"auto, (max-width: 640px) 100vw, 640px\" \/><\/a><\/p>\n<p>ein st\u00f6vchen im passenden look zum rest.<br \/>\nund es gibt tats\u00e4chlich immer etwas neues zu entdecken. diesmal die entdeckung des tages &#8211; holl\u00e4ndische keramik aus frankreich. den einzigen web-hinweis hab ich <a href=\"http:\/\/www.perrusse.com\/de\/\" target=\"_blank\">hier<\/a> gefunden. und da es was zum kaufen gab was wir noch gar nicht hatten und was uns auf anhieb begeistert hat<\/p>\n<p><a href=\"https:\/\/dirwabaum.de\/wordpress\/wp-content\/uploads\/2015\/09\/IMG_3795.jpg\"><img loading=\"lazy\" decoding=\"async\" data-attachment-id=\"6176\" data-permalink=\"https:\/\/dirwabaum.de\/wordpress\/2015\/09\/06\/das-erste-wochenende\/img_3795\/\" data-orig-file=\"https:\/\/dirwabaum.de\/wordpress\/wp-content\/uploads\/2015\/09\/IMG_3795.jpg\" data-orig-size=\"640,640\" data-comments-opened=\"1\" data-image-meta=\"{&quot;aperture&quot;:&quot;2.2&quot;,&quot;credit&quot;:&quot;derbaum&quot;,&quot;camera&quot;:&quot;6X6 for iPhone&quot;,&quot;caption&quot;:&quot;&quot;,&quot;created_timestamp&quot;:&quot;1441481314&quot;,&quot;copyright&quot;:&quot;2015 derbaum . All Rights Reserved.&quot;,&quot;focal_length&quot;:&quot;4.15&quot;,&quot;iso&quot;:&quot;400&quot;,&quot;shutter_speed&quot;:&quot;0.066666666666667&quot;,&quot;title&quot;:&quot;&quot;,&quot;orientation&quot;:&quot;0&quot;}\" data-image-title=\"IMG_3795\" data-image-description=\"\" data-image-caption=\"\" data-large-file=\"https:\/\/dirwabaum.de\/wordpress\/wp-content\/uploads\/2015\/09\/IMG_3795.jpg\" src=\"https:\/\/dirwabaum.de\/wordpress\/wp-content\/uploads\/2015\/09\/IMG_3795.jpg\" alt=\"IMG_3795\" width=\"640\" height=\"640\" class=\"aligncenter size-full wp-image-6176\" srcset=\"https:\/\/dirwabaum.de\/wordpress\/wp-content\/uploads\/2015\/09\/IMG_3795.jpg 640w, https:\/\/dirwabaum.de\/wordpress\/wp-content\/uploads\/2015\/09\/IMG_3795-150x150.jpg 150w, https:\/\/dirwabaum.de\/wordpress\/wp-content\/uploads\/2015\/09\/IMG_3795-300x300.jpg 300w, https:\/\/dirwabaum.de\/wordpress\/wp-content\/uploads\/2015\/09\/IMG_3795-144x144.jpg 144w\" sizes=\"auto, (max-width: 640px) 100vw, 640px\" \/><\/a><\/p>\n<p>und eingeweiht haben wir die ofenfesten sch\u00fcsseln nat\u00fcrlich auch<\/p>\n<p><a href=\"https:\/\/dirwabaum.de\/wordpress\/wp-content\/uploads\/2015\/09\/IMG_3796.jpg\"><img loading=\"lazy\" decoding=\"async\" data-attachment-id=\"6177\" data-permalink=\"https:\/\/dirwabaum.de\/wordpress\/2015\/09\/06\/das-erste-wochenende\/img_3796\/\" data-orig-file=\"https:\/\/dirwabaum.de\/wordpress\/wp-content\/uploads\/2015\/09\/IMG_3796.jpg\" data-orig-size=\"640,640\" data-comments-opened=\"1\" data-image-meta=\"{&quot;aperture&quot;:&quot;2.2&quot;,&quot;credit&quot;:&quot;derbaum&quot;,&quot;camera&quot;:&quot;6X6 for iPhone&quot;,&quot;caption&quot;:&quot;&quot;,&quot;created_timestamp&quot;:&quot;1441481352&quot;,&quot;copyright&quot;:&quot;2015 derbaum . All Rights Reserved.&quot;,&quot;focal_length&quot;:&quot;4.15&quot;,&quot;iso&quot;:&quot;250&quot;,&quot;shutter_speed&quot;:&quot;0.066666666666667&quot;,&quot;title&quot;:&quot;&quot;,&quot;orientation&quot;:&quot;0&quot;}\" data-image-title=\"IMG_3796\" data-image-description=\"\" data-image-caption=\"\" data-large-file=\"https:\/\/dirwabaum.de\/wordpress\/wp-content\/uploads\/2015\/09\/IMG_3796.jpg\" src=\"https:\/\/dirwabaum.de\/wordpress\/wp-content\/uploads\/2015\/09\/IMG_3796.jpg\" alt=\"IMG_3796\" width=\"640\" height=\"640\" class=\"aligncenter size-full wp-image-6177\" srcset=\"https:\/\/dirwabaum.de\/wordpress\/wp-content\/uploads\/2015\/09\/IMG_3796.jpg 640w, https:\/\/dirwabaum.de\/wordpress\/wp-content\/uploads\/2015\/09\/IMG_3796-150x150.jpg 150w, https:\/\/dirwabaum.de\/wordpress\/wp-content\/uploads\/2015\/09\/IMG_3796-300x300.jpg 300w, https:\/\/dirwabaum.de\/wordpress\/wp-content\/uploads\/2015\/09\/IMG_3796-144x144.jpg 144w\" sizes=\"auto, (max-width: 640px) 100vw, 640px\" \/><\/a><\/p>\n<p>leggor wars. und den ausflug wars auch wert! trotz der vielen leuts&#8230; noch ne kleinigkeit am rande&#8230;<\/p>\n<p><a href=\"https:\/\/dirwabaum.de\/wordpress\/wp-content\/uploads\/2015\/09\/IMG_1492.jpg\"><img loading=\"lazy\" decoding=\"async\" data-attachment-id=\"6178\" data-permalink=\"https:\/\/dirwabaum.de\/wordpress\/2015\/09\/06\/das-erste-wochenende\/img_1492\/\" data-orig-file=\"https:\/\/dirwabaum.de\/wordpress\/wp-content\/uploads\/2015\/09\/IMG_1492.jpg\" data-orig-size=\"640,640\" data-comments-opened=\"1\" data-image-meta=\"{&quot;aperture&quot;:&quot;2.2&quot;,&quot;credit&quot;:&quot;derbaum&quot;,&quot;camera&quot;:&quot;280&quot;,&quot;caption&quot;:&quot;&quot;,&quot;created_timestamp&quot;:&quot;1441452033&quot;,&quot;copyright&quot;:&quot;&quot;,&quot;focal_length&quot;:&quot;4.15&quot;,&quot;iso&quot;:&quot;32&quot;,&quot;shutter_speed&quot;:&quot;0.0056179775280899&quot;,&quot;title&quot;:&quot;&quot;,&quot;orientation&quot;:&quot;0&quot;}\" data-image-title=\"IMG_1492\" data-image-description=\"\" data-image-caption=\"\" data-large-file=\"https:\/\/dirwabaum.de\/wordpress\/wp-content\/uploads\/2015\/09\/IMG_1492.jpg\" src=\"https:\/\/dirwabaum.de\/wordpress\/wp-content\/uploads\/2015\/09\/IMG_1492.jpg\" alt=\"IMG_1492\" width=\"640\" height=\"640\" class=\"aligncenter size-full wp-image-6178\" srcset=\"https:\/\/dirwabaum.de\/wordpress\/wp-content\/uploads\/2015\/09\/IMG_1492.jpg 640w, https:\/\/dirwabaum.de\/wordpress\/wp-content\/uploads\/2015\/09\/IMG_1492-150x150.jpg 150w, https:\/\/dirwabaum.de\/wordpress\/wp-content\/uploads\/2015\/09\/IMG_1492-300x300.jpg 300w, https:\/\/dirwabaum.de\/wordpress\/wp-content\/uploads\/2015\/09\/IMG_1492-144x144.jpg 144w\" sizes=\"auto, (max-width: 640px) 100vw, 640px\" \/><\/a><\/p>\n<p><center>***<\/center><\/p>\n<p>und dann war da gestern noch<\/p>\n<p><a href=\"https:\/\/dirwabaum.de\/wordpress\/wp-content\/uploads\/2015\/09\/gaffee.jpg\"><img loading=\"lazy\" decoding=\"async\" data-attachment-id=\"6181\" data-permalink=\"https:\/\/dirwabaum.de\/wordpress\/2015\/09\/06\/das-erste-wochenende\/gaffee\/\" data-orig-file=\"https:\/\/dirwabaum.de\/wordpress\/wp-content\/uploads\/2015\/09\/gaffee.jpg\" data-orig-size=\"640,640\" data-comments-opened=\"1\" data-image-meta=\"{&quot;aperture&quot;:&quot;2.2&quot;,&quot;credit&quot;:&quot;&quot;,&quot;camera&quot;:&quot;iPhone 6&quot;,&quot;caption&quot;:&quot;{\\&quot;focusMode\\&quot;:0,\\&quot;deviceTilt\\&quot;:-1.519723923998423,\\&quot;whiteBalanceProgram\\&quot;:0,\\&quot;macroEnabled\\&quot;:false,\\&quot;qualityMode\\&quot;:3}&quot;,&quot;created_timestamp&quot;:&quot;1441382900&quot;,&quot;copyright&quot;:&quot;&quot;,&quot;focal_length&quot;:&quot;0&quot;,&quot;iso&quot;:&quot;0&quot;,&quot;shutter_speed&quot;:&quot;0&quot;,&quot;title&quot;:&quot;&quot;,&quot;orientation&quot;:&quot;1&quot;}\" data-image-title=\"gaffee\" data-image-description=\"\" data-image-caption=\"\" data-large-file=\"https:\/\/dirwabaum.de\/wordpress\/wp-content\/uploads\/2015\/09\/gaffee.jpg\" src=\"https:\/\/dirwabaum.de\/wordpress\/wp-content\/uploads\/2015\/09\/gaffee.jpg\" alt=\"gaffee\" width=\"640\" height=\"640\" class=\"aligncenter size-full wp-image-6181\" srcset=\"https:\/\/dirwabaum.de\/wordpress\/wp-content\/uploads\/2015\/09\/gaffee.jpg 640w, https:\/\/dirwabaum.de\/wordpress\/wp-content\/uploads\/2015\/09\/gaffee-150x150.jpg 150w, https:\/\/dirwabaum.de\/wordpress\/wp-content\/uploads\/2015\/09\/gaffee-300x300.jpg 300w, https:\/\/dirwabaum.de\/wordpress\/wp-content\/uploads\/2015\/09\/gaffee-144x144.jpg 144w\" sizes=\"auto, (max-width: 640px) 100vw, 640px\" \/><\/a><\/p>\n<p>genau <a href=\"http:\/\/www.tag-des-kaffees.de\/tag-des-kaffees\" target=\"_blank\">&#8222;tag des #gaffees&#8220;<\/a> . haben wir <a href=\"http:\/\/bit.ly\/1OmNmmj\" target=\"_blank\">nat\u00fcrlich<\/a> ausgiebig begangen!<\/p>\n<p>musik:<\/p>\n<p><center><iframe loading=\"lazy\" width=\"480\" height=\"360\" src=\"https:\/\/www.youtube.com\/embed\/1f1_1vEomck?rel=0&amp;showinfo=0\" frameborder=\"0\" allowfullscreen><\/iframe><\/center><\/p>\n<p><center>***<\/center><\/p>\n","protected":false},"excerpt":{"rendered":"<p>im september bedeutet? genau t\u00fcppelmarkt (heisst offiziell t\u00f6pfermarkt am goldenen reiter. ist schon komisch das sie extra so ein gro\u00dfes reiterstandbild als maskottchen f\u00fcr diesen markt aufbauen \ud83d\ude09 ) leider ist es so das es immer mehr menschen werden &#8211; selbst wenn man schon sehr zeitig am beginn des marktes kommt. und dann ist mir [&hellip;]<\/p>\n","protected":false},"author":3,"featured_media":0,"comment_status":"open","ping_status":"open","sticky":false,"template":"","format":"standard","meta":{"_crdt_document":"","jetpack_post_was_ever_published":false,"_jetpack_newsletter_access":"","_jetpack_dont_email_post_to_subs":false,"_jetpack_newsletter_tier_id":0,"_jetpack_memberships_contains_paywalled_content":false,"_jetpack_memberships_contains_paid_content":false,"activitypub_content_warning":"","activitypub_content_visibility":"","activitypub_max_image_attachments":3,"activitypub_interaction_policy_quote":"anyone","activitypub_status":"","footnotes":"","jetpack_publicize_message":"","jetpack_publicize_feature_enabled":true,"jetpack_social_post_already_shared":true,"jetpack_social_options":{"image_generator_settings":{"template":"highway","default_image_id":0,"font":"","enabled":false},"version":2}},"categories":[1,11,45,80,46,155,10],"tags":[208,235,247,243,85,60,197],"class_list":["post-6170","post","type-post","status-publish","format-standard","hentry","category-allgemein","category-baumhaftes","category-dresdensisches","category-empfehlendes","category-freudiges","category-gekochtes","category-unterwegsseiendes","tag-208","tag-derbaum","tag-dresdensisches","tag-photographisches","tag-r4pun2el","tag-schones","tag-september"],"yoast_head":"<!-- This site is optimized with the Yoast SEO plugin v27.5 - https:\/\/yoast.com\/product\/yoast-seo-wordpress\/ -->\n<title>das erste wochenende &#8211; DerBaum<\/title>\n<meta name=\"robots\" content=\"index, follow, max-snippet:-1, max-image-preview:large, max-video-preview:-1\" \/>\n<link rel=\"canonical\" href=\"https:\/\/dirwabaum.de\/wordpress\/2015\/09\/06\/das-erste-wochenende\/\" \/>\n<meta property=\"og:locale\" content=\"de_DE\" \/>\n<meta property=\"og:type\" content=\"article\" \/>\n<meta property=\"og:title\" content=\"das erste wochenende &#8211; DerBaum\" \/>\n<meta property=\"og:description\" content=\"im september bedeutet? genau t\u00fcppelmarkt (heisst offiziell t\u00f6pfermarkt am goldenen reiter. ist schon komisch das sie extra so ein gro\u00dfes reiterstandbild als maskottchen f\u00fcr diesen markt aufbauen \ud83d\ude09 ) leider ist es so das es immer mehr menschen werden &#8211; selbst wenn man schon sehr zeitig am beginn des marktes kommt. und dann ist mir [&hellip;]\" \/>\n<meta property=\"og:url\" content=\"https:\/\/dirwabaum.de\/wordpress\/2015\/09\/06\/das-erste-wochenende\/\" \/>\n<meta property=\"og:site_name\" content=\"DerBaum\" \/>\n<meta property=\"article:published_time\" content=\"2015-09-06T05:49:23+00:00\" \/>\n<meta property=\"article:modified_time\" content=\"2015-09-07T14:37:07+00:00\" \/>\n<meta property=\"og:image\" content=\"https:\/\/dirwabaum.de\/wordpress\/wp-content\/uploads\/2015\/09\/IMG_3790.jpg\" \/>\n<meta name=\"author\" content=\"der chef\" \/>\n<meta name=\"twitter:label1\" content=\"Verfasst von\" \/>\n\t<meta name=\"twitter:data1\" content=\"der chef\" \/>\n\t<meta name=\"twitter:label2\" content=\"Gesch\u00e4tzte Lesezeit\" \/>\n\t<meta name=\"twitter:data2\" content=\"1\u00a0Minute\" \/>\n<script type=\"application\/ld+json\" class=\"yoast-schema-graph\">{\"@context\":\"https:\\\/\\\/schema.org\",\"@graph\":[{\"@type\":\"Article\",\"@id\":\"https:\\\/\\\/dirwabaum.de\\\/wordpress\\\/2015\\\/09\\\/06\\\/das-erste-wochenende\\\/#article\",\"isPartOf\":{\"@id\":\"https:\\\/\\\/dirwabaum.de\\\/wordpress\\\/2015\\\/09\\\/06\\\/das-erste-wochenende\\\/\"},\"author\":{\"name\":\"der chef\",\"@id\":\"https:\\\/\\\/dirwabaum.de\\\/wordpress\\\/#\\\/schema\\\/person\\\/3431c8e9678d7bd4ccd94b76cf14e59f\"},\"headline\":\"das erste wochenende\",\"datePublished\":\"2015-09-06T05:49:23+00:00\",\"dateModified\":\"2015-09-07T14:37:07+00:00\",\"mainEntityOfPage\":{\"@id\":\"https:\\\/\\\/dirwabaum.de\\\/wordpress\\\/2015\\\/09\\\/06\\\/das-erste-wochenende\\\/\"},\"wordCount\":203,\"commentCount\":3,\"publisher\":{\"@id\":\"https:\\\/\\\/dirwabaum.de\\\/wordpress\\\/#\\\/schema\\\/person\\\/3431c8e9678d7bd4ccd94b76cf14e59f\"},\"image\":{\"@id\":\"https:\\\/\\\/dirwabaum.de\\\/wordpress\\\/2015\\\/09\\\/06\\\/das-erste-wochenende\\\/#primaryimage\"},\"thumbnailUrl\":\"https:\\\/\\\/dirwabaum.de\\\/wordpress\\\/wp-content\\\/uploads\\\/2015\\\/09\\\/IMG_3790.jpg\",\"keywords\":[\"2015\",\"derbaum\",\"dresdensisches\",\"photographisches\",\"R4PUN2EL\",\"sch\u00f6nes\",\"september\"],\"articleSection\":{\"1\":\"baumhaftes\",\"2\":\"dresdensisches\",\"3\":\"empfehlendes\",\"4\":\"freudiges\",\"5\":\"gekochtes\",\"6\":\"unterwegsseiendes\"},\"inLanguage\":\"de\",\"potentialAction\":[{\"@type\":\"CommentAction\",\"name\":\"Comment\",\"target\":[\"https:\\\/\\\/dirwabaum.de\\\/wordpress\\\/2015\\\/09\\\/06\\\/das-erste-wochenende\\\/#respond\"]}]},{\"@type\":\"WebPage\",\"@id\":\"https:\\\/\\\/dirwabaum.de\\\/wordpress\\\/2015\\\/09\\\/06\\\/das-erste-wochenende\\\/\",\"url\":\"https:\\\/\\\/dirwabaum.de\\\/wordpress\\\/2015\\\/09\\\/06\\\/das-erste-wochenende\\\/\",\"name\":\"das erste wochenende &#8211; DerBaum\",\"isPartOf\":{\"@id\":\"https:\\\/\\\/dirwabaum.de\\\/wordpress\\\/#website\"},\"primaryImageOfPage\":{\"@id\":\"https:\\\/\\\/dirwabaum.de\\\/wordpress\\\/2015\\\/09\\\/06\\\/das-erste-wochenende\\\/#primaryimage\"},\"image\":{\"@id\":\"https:\\\/\\\/dirwabaum.de\\\/wordpress\\\/2015\\\/09\\\/06\\\/das-erste-wochenende\\\/#primaryimage\"},\"thumbnailUrl\":\"https:\\\/\\\/dirwabaum.de\\\/wordpress\\\/wp-content\\\/uploads\\\/2015\\\/09\\\/IMG_3790.jpg\",\"datePublished\":\"2015-09-06T05:49:23+00:00\",\"dateModified\":\"2015-09-07T14:37:07+00:00\",\"breadcrumb\":{\"@id\":\"https:\\\/\\\/dirwabaum.de\\\/wordpress\\\/2015\\\/09\\\/06\\\/das-erste-wochenende\\\/#breadcrumb\"},\"inLanguage\":\"de\",\"potentialAction\":[{\"@type\":\"ReadAction\",\"target\":[\"https:\\\/\\\/dirwabaum.de\\\/wordpress\\\/2015\\\/09\\\/06\\\/das-erste-wochenende\\\/\"]}]},{\"@type\":\"ImageObject\",\"inLanguage\":\"de\",\"@id\":\"https:\\\/\\\/dirwabaum.de\\\/wordpress\\\/2015\\\/09\\\/06\\\/das-erste-wochenende\\\/#primaryimage\",\"url\":\"https:\\\/\\\/dirwabaum.de\\\/wordpress\\\/wp-content\\\/uploads\\\/2015\\\/09\\\/IMG_3790.jpg\",\"contentUrl\":\"https:\\\/\\\/dirwabaum.de\\\/wordpress\\\/wp-content\\\/uploads\\\/2015\\\/09\\\/IMG_3790.jpg\",\"width\":640,\"height\":640},{\"@type\":\"BreadcrumbList\",\"@id\":\"https:\\\/\\\/dirwabaum.de\\\/wordpress\\\/2015\\\/09\\\/06\\\/das-erste-wochenende\\\/#breadcrumb\",\"itemListElement\":[{\"@type\":\"ListItem\",\"position\":1,\"name\":\"Home\",\"item\":\"https:\\\/\\\/dirwabaum.de\\\/wordpress\\\/\"},{\"@type\":\"ListItem\",\"position\":2,\"name\":\"das erste wochenende\"}]},{\"@type\":\"WebSite\",\"@id\":\"https:\\\/\\\/dirwabaum.de\\\/wordpress\\\/#website\",\"url\":\"https:\\\/\\\/dirwabaum.de\\\/wordpress\\\/\",\"name\":\"DerBaum\",\"description\":\"...schreibt oder auch nicht\",\"publisher\":{\"@id\":\"https:\\\/\\\/dirwabaum.de\\\/wordpress\\\/#\\\/schema\\\/person\\\/3431c8e9678d7bd4ccd94b76cf14e59f\"},\"potentialAction\":[{\"@type\":\"SearchAction\",\"target\":{\"@type\":\"EntryPoint\",\"urlTemplate\":\"https:\\\/\\\/dirwabaum.de\\\/wordpress\\\/?s={search_term_string}\"},\"query-input\":{\"@type\":\"PropertyValueSpecification\",\"valueRequired\":true,\"valueName\":\"search_term_string\"}}],\"inLanguage\":\"de\"},{\"@type\":[\"Person\",\"Organization\"],\"@id\":\"https:\\\/\\\/dirwabaum.de\\\/wordpress\\\/#\\\/schema\\\/person\\\/3431c8e9678d7bd4ccd94b76cf14e59f\",\"name\":\"der chef\",\"image\":{\"@type\":\"ImageObject\",\"inLanguage\":\"de\",\"@id\":\"https:\\\/\\\/i2.wp.com\\\/dirwabaum.de\\\/wordpress\\\/wp-content\\\/uploads\\\/2020\\\/11\\\/Foto-02.10.11-08-54-32.jpg?fit=1936%2C1936&ssl=1\",\"url\":\"https:\\\/\\\/i2.wp.com\\\/dirwabaum.de\\\/wordpress\\\/wp-content\\\/uploads\\\/2020\\\/11\\\/Foto-02.10.11-08-54-32.jpg?fit=1936%2C1936&ssl=1\",\"contentUrl\":\"https:\\\/\\\/i2.wp.com\\\/dirwabaum.de\\\/wordpress\\\/wp-content\\\/uploads\\\/2020\\\/11\\\/Foto-02.10.11-08-54-32.jpg?fit=1936%2C1936&ssl=1\",\"width\":\"1936\",\"height\":\"1936\",\"caption\":\"der chef\"},\"logo\":{\"@id\":\"https:\\\/\\\/i2.wp.com\\\/dirwabaum.de\\\/wordpress\\\/wp-content\\\/uploads\\\/2020\\\/11\\\/Foto-02.10.11-08-54-32.jpg?fit=1936%2C1936&ssl=1\"},\"description\":\"Tue einfach so als w\u00fcsstest du was du tust!\",\"sameAs\":[\"https:\\\/\\\/x.com\\\/derbaum\"]}]}<\/script>\n<!-- \/ Yoast SEO plugin. -->","yoast_head_json":{"title":"das erste wochenende &#8211; DerBaum","robots":{"index":"index","follow":"follow","max-snippet":"max-snippet:-1","max-image-preview":"max-image-preview:large","max-video-preview":"max-video-preview:-1"},"canonical":"https:\/\/dirwabaum.de\/wordpress\/2015\/09\/06\/das-erste-wochenende\/","og_locale":"de_DE","og_type":"article","og_title":"das erste wochenende &#8211; DerBaum","og_description":"im september bedeutet? genau t\u00fcppelmarkt (heisst offiziell t\u00f6pfermarkt am goldenen reiter. ist schon komisch das sie extra so ein gro\u00dfes reiterstandbild als maskottchen f\u00fcr diesen markt aufbauen \ud83d\ude09 ) leider ist es so das es immer mehr menschen werden &#8211; selbst wenn man schon sehr zeitig am beginn des marktes kommt. und dann ist mir [&hellip;]","og_url":"https:\/\/dirwabaum.de\/wordpress\/2015\/09\/06\/das-erste-wochenende\/","og_site_name":"DerBaum","article_published_time":"2015-09-06T05:49:23+00:00","article_modified_time":"2015-09-07T14:37:07+00:00","og_image":[{"url":"https:\/\/dirwabaum.de\/wordpress\/wp-content\/uploads\/2015\/09\/IMG_3790.jpg","type":"","width":"","height":""}],"author":"der chef","twitter_misc":{"Verfasst von":"der chef","Gesch\u00e4tzte Lesezeit":"1\u00a0Minute"},"schema":{"@context":"https:\/\/schema.org","@graph":[{"@type":"Article","@id":"https:\/\/dirwabaum.de\/wordpress\/2015\/09\/06\/das-erste-wochenende\/#article","isPartOf":{"@id":"https:\/\/dirwabaum.de\/wordpress\/2015\/09\/06\/das-erste-wochenende\/"},"author":{"name":"der chef","@id":"https:\/\/dirwabaum.de\/wordpress\/#\/schema\/person\/3431c8e9678d7bd4ccd94b76cf14e59f"},"headline":"das erste wochenende","datePublished":"2015-09-06T05:49:23+00:00","dateModified":"2015-09-07T14:37:07+00:00","mainEntityOfPage":{"@id":"https:\/\/dirwabaum.de\/wordpress\/2015\/09\/06\/das-erste-wochenende\/"},"wordCount":203,"commentCount":3,"publisher":{"@id":"https:\/\/dirwabaum.de\/wordpress\/#\/schema\/person\/3431c8e9678d7bd4ccd94b76cf14e59f"},"image":{"@id":"https:\/\/dirwabaum.de\/wordpress\/2015\/09\/06\/das-erste-wochenende\/#primaryimage"},"thumbnailUrl":"https:\/\/dirwabaum.de\/wordpress\/wp-content\/uploads\/2015\/09\/IMG_3790.jpg","keywords":["2015","derbaum","dresdensisches","photographisches","R4PUN2EL","sch\u00f6nes","september"],"articleSection":{"1":"baumhaftes","2":"dresdensisches","3":"empfehlendes","4":"freudiges","5":"gekochtes","6":"unterwegsseiendes"},"inLanguage":"de","potentialAction":[{"@type":"CommentAction","name":"Comment","target":["https:\/\/dirwabaum.de\/wordpress\/2015\/09\/06\/das-erste-wochenende\/#respond"]}]},{"@type":"WebPage","@id":"https:\/\/dirwabaum.de\/wordpress\/2015\/09\/06\/das-erste-wochenende\/","url":"https:\/\/dirwabaum.de\/wordpress\/2015\/09\/06\/das-erste-wochenende\/","name":"das erste wochenende &#8211; DerBaum","isPartOf":{"@id":"https:\/\/dirwabaum.de\/wordpress\/#website"},"primaryImageOfPage":{"@id":"https:\/\/dirwabaum.de\/wordpress\/2015\/09\/06\/das-erste-wochenende\/#primaryimage"},"image":{"@id":"https:\/\/dirwabaum.de\/wordpress\/2015\/09\/06\/das-erste-wochenende\/#primaryimage"},"thumbnailUrl":"https:\/\/dirwabaum.de\/wordpress\/wp-content\/uploads\/2015\/09\/IMG_3790.jpg","datePublished":"2015-09-06T05:49:23+00:00","dateModified":"2015-09-07T14:37:07+00:00","breadcrumb":{"@id":"https:\/\/dirwabaum.de\/wordpress\/2015\/09\/06\/das-erste-wochenende\/#breadcrumb"},"inLanguage":"de","potentialAction":[{"@type":"ReadAction","target":["https:\/\/dirwabaum.de\/wordpress\/2015\/09\/06\/das-erste-wochenende\/"]}]},{"@type":"ImageObject","inLanguage":"de","@id":"https:\/\/dirwabaum.de\/wordpress\/2015\/09\/06\/das-erste-wochenende\/#primaryimage","url":"https:\/\/dirwabaum.de\/wordpress\/wp-content\/uploads\/2015\/09\/IMG_3790.jpg","contentUrl":"https:\/\/dirwabaum.de\/wordpress\/wp-content\/uploads\/2015\/09\/IMG_3790.jpg","width":640,"height":640},{"@type":"BreadcrumbList","@id":"https:\/\/dirwabaum.de\/wordpress\/2015\/09\/06\/das-erste-wochenende\/#breadcrumb","itemListElement":[{"@type":"ListItem","position":1,"name":"Home","item":"https:\/\/dirwabaum.de\/wordpress\/"},{"@type":"ListItem","position":2,"name":"das erste wochenende"}]},{"@type":"WebSite","@id":"https:\/\/dirwabaum.de\/wordpress\/#website","url":"https:\/\/dirwabaum.de\/wordpress\/","name":"DerBaum","description":"...schreibt oder auch nicht","publisher":{"@id":"https:\/\/dirwabaum.de\/wordpress\/#\/schema\/person\/3431c8e9678d7bd4ccd94b76cf14e59f"},"potentialAction":[{"@type":"SearchAction","target":{"@type":"EntryPoint","urlTemplate":"https:\/\/dirwabaum.de\/wordpress\/?s={search_term_string}"},"query-input":{"@type":"PropertyValueSpecification","valueRequired":true,"valueName":"search_term_string"}}],"inLanguage":"de"},{"@type":["Person","Organization"],"@id":"https:\/\/dirwabaum.de\/wordpress\/#\/schema\/person\/3431c8e9678d7bd4ccd94b76cf14e59f","name":"der chef","image":{"@type":"ImageObject","inLanguage":"de","@id":"https:\/\/i2.wp.com\/dirwabaum.de\/wordpress\/wp-content\/uploads\/2020\/11\/Foto-02.10.11-08-54-32.jpg?fit=1936%2C1936&ssl=1","url":"https:\/\/i2.wp.com\/dirwabaum.de\/wordpress\/wp-content\/uploads\/2020\/11\/Foto-02.10.11-08-54-32.jpg?fit=1936%2C1936&ssl=1","contentUrl":"https:\/\/i2.wp.com\/dirwabaum.de\/wordpress\/wp-content\/uploads\/2020\/11\/Foto-02.10.11-08-54-32.jpg?fit=1936%2C1936&ssl=1","width":"1936","height":"1936","caption":"der chef"},"logo":{"@id":"https:\/\/i2.wp.com\/dirwabaum.de\/wordpress\/wp-content\/uploads\/2020\/11\/Foto-02.10.11-08-54-32.jpg?fit=1936%2C1936&ssl=1"},"description":"Tue einfach so als w\u00fcsstest du was du tust!","sameAs":["https:\/\/x.com\/derbaum"]}]}},"jetpack_publicize_connections":[],"jetpack_featured_media_url":"","jetpack_shortlink":"https:\/\/wp.me\/pIjRS-1Bw","jetpack_sharing_enabled":true,"_links":{"self":[{"href":"https:\/\/dirwabaum.de\/wordpress\/wp-json\/wp\/v2\/posts\/6170","targetHints":{"allow":["GET"]}}],"collection":[{"href":"https:\/\/dirwabaum.de\/wordpress\/wp-json\/wp\/v2\/posts"}],"about":[{"href":"https:\/\/dirwabaum.de\/wordpress\/wp-json\/wp\/v2\/types\/post"}],"author":[{"embeddable":true,"href":"https:\/\/dirwabaum.de\/wordpress\/wp-json\/wp\/v2\/users\/3"}],"replies":[{"embeddable":true,"href":"https:\/\/dirwabaum.de\/wordpress\/wp-json\/wp\/v2\/comments?post=6170"}],"version-history":[{"count":8,"href":"https:\/\/dirwabaum.de\/wordpress\/wp-json\/wp\/v2\/posts\/6170\/revisions"}],"predecessor-version":[{"id":6193,"href":"https:\/\/dirwabaum.de\/wordpress\/wp-json\/wp\/v2\/posts\/6170\/revisions\/6193"}],"wp:attachment":[{"href":"https:\/\/dirwabaum.de\/wordpress\/wp-json\/wp\/v2\/media?parent=6170"}],"wp:term":[{"taxonomy":"category","embeddable":true,"href":"https:\/\/dirwabaum.de\/wordpress\/wp-json\/wp\/v2\/categories?post=6170"},{"taxonomy":"post_tag","embeddable":true,"href":"https:\/\/dirwabaum.de\/wordpress\/wp-json\/wp\/v2\/tags?post=6170"}],"curies":[{"name":"wp","href":"https:\/\/api.w.org\/{rel}","templated":true}]}}